{"id":21547,"date":"2014-01-01T16:46:06","date_gmt":"2014-01-01T15:46:06","guid":{"rendered":"http:\/\/www.andreas-edler.de\/blog\/?p=21547"},"modified":"2014-01-02T19:32:20","modified_gmt":"2014-01-02T18:32:20","slug":"er-muss-doch-was-verkehrt-gemacht-haben","status":"publish","type":"post","link":"https:\/\/www.andreas-edler.de\/blog\/2014\/01\/er-muss-doch-was-verkehrt-gemacht-haben\/","title":{"rendered":"Er muss doch was verkehrt gemacht haben &#8230;"},"content":{"rendered":"<p>Und wieder wird in der Pressemitteilung nach Gr\u00fcnden gefischt, warum es gar keine andere M\u00f6glichkeit geben konnt, den Radfahrer auf dem Radweg umzufahren. Und nat\u00fcrlich ist der Radfahrer wieder der aktive Part, denn &#8222;er verletzt sich&#8220; (das &#8217;selbst&#8216; steht unausgesprochen im Raum). <cite>Polizei Mi-L\u00fc: <b><a href=\"http:\/\/www.presseportal.de\/mobil\/p_story.htx?mobil&#038;nr=2630397&#038;firmaid=43553\">Radfahrer verletzt sich bei Kollision<\/a><\/b><br \/>\n&#8230; war ein 83 Jahre alter Autofahrer gegen 14.50 Uhr auf der B 482 in Richtung Minden unterwegs und beabsichtigte nach rechts in die Heerstra\u00dfe abzubiegen. Dabei kam es zum Zusammensto\u00df mit dem Fahrradfahrer, welcher auf dem zwischen der Bundesstra\u00dfe und dem Schleusenkanal verlaufenden Radweg in n\u00f6rdliche Richtung fuhr &#8230;<\/cite> Kurz zusammen gefasst: der Autofahrer hat gepennt, sehr wahrscheinlich die Vorfahrt missachtet und einen Radfahrer umgefahren. Korrekt?<!--more--> Insofern ist die \u00dcberschrift der Pressemeldung nat\u00fcrlich komplett falsch, denn der Radfahrer verletzte sich nicht, er wurde verletzt &#8230; und zwar von dem Autofahrer. So schreibt die Polizei das aber nie! Genausowenig wie in irgendeiner Pressemitteilung vorkommt, dass Vorfahrten ignoriert werden. Nat\u00fcrlich nur, wenn dies von Autofahrern gemacht wird. Nimmt ein Radfahrer die Vorfahrt oder f\u00e4hrt <a href=\"http:\/\/www.andreas-edler.de\/blog\/2014\/01\/auf-dem-radweg-angefahren\/\" title=\"Auf dem Radweg angefahren\">entgegen der \u00fcblichen Fahrtrichtung<\/a> (ohne dass dies vorgeschrieben ist), dann steht es selbstverst\u00e4ndlich in der Meldung.<\/p>\n<p>Aber wie bekommen wir es denn hin, dass hier der Radfahrer doch noch ein bisschen &#8222;selbst Schuld&#8220; ist. <cite>Dabei trug er Kopfh\u00f6rer<\/cite> Na bitte, geht doch. <a href=\"http:\/\/www.andreas-edler.de\/blog\/2013\/07\/kopfhoerer-auf-dem-fahrrad-sind-nicht-verboten\/\" title=\"Kopfh\u00f6rer auf dem Fahrrad sind nicht verboten\">Kopfh\u00f6rer tragen ist zwar kein St\u00fcck verboten<\/a> und mit offenen H\u00f6rern auf den Ohren bekommt man immer noch mehr vom Verkehr mit, als ein Autofahrer in seiner schallged\u00e4mpften Kutsche, das interessiert aber doch nun wirklich niemanden. ER TRUG KOPFH\u00d6RER! Und au\u00dferdem &#8230; <cite>Der Fahrer des Pkw gab bei der Unfallaufnahme an, dass ihn die tief stehende Sonne beim Abbiegen geblendet habe.<\/cite> &#8230; hatte der Autofahrer doch nun wirklich gar keine M\u00f6glichkeit, den Radfahrer wahrzunehmen. Was f\u00e4hrt der auch mit der Sonne im R\u00fccken und MIT KOPFH\u00d6RERN?!<\/p>\n<p style=\"text-align:center;font-size: smaller;\"><iframe loading=\"lazy\" src=\"https:\/\/www.google.com\/maps\/embed?pb=!1m14!1m12!1m3!1d834.4344165845647!2d9.027410118716276!3d52.415946899756605!2m3!1f0!2f0!3f0!3m2!1i1024!2i768!4f13.1!5e1!3m2!1sde!2sde!4v1388644622009\" width=\"470\" height=\"300\" frameborder=\"0\" style=\"border:0\"><\/iframe><\/p>\n<p> Und wenn ich mir die Einm\u00fcndung auf der Karte ansehe, dann handelt es sich wohl auch noch um einen der F\u00e4lle, in denen der Radfahrer entgegen der eigentlichen Fahrtrichtung unterwegs sein *muss*. Mithin ein Paradebeispiel f\u00fcr die Berichterstattung der Polizei. Echt \u00e4rgerlich!<\/p>\n","protected":false},"excerpt":{"rendered":"<p>Und wieder wird in der Pressemitteilung nach Gr\u00fcnden gefischt, warum es gar keine andere M\u00f6glichkeit geben konnt, den Radfahrer auf dem Radweg umzufahren. Und nat\u00fcrlich ist der Radfahrer wieder der aktive Part, denn &#8222;er verletzt sich&#8220; (das &#8217;selbst&#8216; steht unausgesprochen &hellip;<\/p>\n<p class=\"read-more\"> <a class=\"more-link\" href=\"https:\/\/www.andreas-edler.de\/blog\/2014\/01\/er-muss-doch-was-verkehrt-gemacht-haben\/\"> <span class=\"screen-reader-text\">Er muss doch was verkehrt gemacht haben &#8230;<\/span> Weiterlesen &raquo;<\/a><\/p>\n","protected":false},"author":1,"featured_media":0,"comment_status":"open","ping_status":"open","sticky":false,"template":"","format":"standard","meta":{"ngg_post_thumbnail":0,"activitypub_content_warning":"","activitypub_content_visibility":"","activitypub_max_image_attachments":2,"activitypub_interaction_policy_quote":"anyone","activitypub_status":"","footnotes":""},"categories":[15,13],"tags":[34,127,71,76],"class_list":["post-21547","post","type-post","status-publish","format-standard","hentry","category-fahrrad","category-verkehr","tag-kommunikation","tag-polizei","tag-regeln","tag-sicherheit"],"share_on_mastodon":{"url":"","error":""},"_links":{"self":[{"href":"https:\/\/www.andreas-edler.de\/blog\/wp-json\/wp\/v2\/posts\/21547","targetHints":{"allow":["GET"]}}],"collection":[{"href":"https:\/\/www.andreas-edler.de\/blog\/wp-json\/wp\/v2\/posts"}],"about":[{"href":"https:\/\/www.andreas-edler.de\/blog\/wp-json\/wp\/v2\/types\/post"}],"author":[{"embeddable":true,"href":"https:\/\/www.andreas-edler.de\/blog\/wp-json\/wp\/v2\/users\/1"}],"replies":[{"embeddable":true,"href":"https:\/\/www.andreas-edler.de\/blog\/wp-json\/wp\/v2\/comments?post=21547"}],"version-history":[{"count":0,"href":"https:\/\/www.andreas-edler.de\/blog\/wp-json\/wp\/v2\/posts\/21547\/revisions"}],"wp:attachment":[{"href":"https:\/\/www.andreas-edler.de\/blog\/wp-json\/wp\/v2\/media?parent=21547"}],"wp:term":[{"taxonomy":"category","embeddable":true,"href":"https:\/\/www.andreas-edler.de\/blog\/wp-json\/wp\/v2\/categories?post=21547"},{"taxonomy":"post_tag","embeddable":true,"href":"https:\/\/www.andreas-edler.de\/blog\/wp-json\/wp\/v2\/tags?post=21547"}],"curies":[{"name":"wp","href":"https:\/\/api.w.org\/{rel}","templated":true}]}}