{"id":21515,"date":"2013-12-29T16:50:07","date_gmt":"2013-12-29T15:50:07","guid":{"rendered":"http:\/\/www.andreas-edler.de\/blog\/?p=21515"},"modified":"2013-12-29T16:50:07","modified_gmt":"2013-12-29T15:50:07","slug":"beleuchtung-fuer-fussgaenger","status":"publish","type":"post","link":"https:\/\/www.andreas-edler.de\/blog\/2013\/12\/beleuchtung-fuer-fussgaenger\/","title":{"rendered":"Beleuchtung f\u00fcr Fu\u00dfg\u00e4nger"},"content":{"rendered":"<p><a href=\"http:\/\/www.andreas-edler.de\/blog\/2013\/12\/lametta-schuetzt-vor-unfaellen\/\" title=\"Lametta sch\u00fctzt vor Unf\u00e4llen?\">Neulich habe ich das ja nur geunkt<\/a>, aber tats\u00e4chlich schreibt die Polizei es nun auch in ihren Presseberichten und die Lokalzeitungen gibt es unkommentiert weiter: <cite>NW-News vom 29.12.2013: <b><a href=\"http:\/\/www.nw-news.de\/owl\/kreis_minden_luebbecke\/polizeimeldungen_kreis_minden_luebbecke\/10025303_Silvesterparty_ohne_Folgen_-_Polizei_kuendigt_Alkoholkontrollen_an_und_raet_Fussgaengern_zu_reflektierender_Kleidung.html\">Polizei k\u00fcndigt Alkoholkontrollen an und r\u00e4t Fu\u00dfg\u00e4ngern zu reflektierender Kleidung<\/a><\/b><br \/>\n&#8230; Allein eine helle Jacke reicht nicht aus, da diese das Scheinwerferlicht nicht zur\u00fcck wirft. Zus\u00e4tzlich sollte noch eine Taschenlampe mitgenommen werden, da manche Stra\u00dfenbeleuchtung nicht die ganze Nacht eingeschaltet bleibt &#8230;<\/cite> Ich hab&#8217;s euch gesagt: bitte Neonweste und Taschenlampe, wenn man sich nach Sonnenuntergang auf die Stra\u00dfe traut! Es ist wirkllich keinem Autofahrer zuzumuten, auf den Verkehr zu achten und nur so schnell zu fahren, wie er die Stra\u00dfe sicher \u00fcberblicken kann. Als schw\u00e4chster Verkehrsteilnehmer muss man aufr\u00fcsten. Warum nicht gleich noch ein Rundumlicht auf den Kopf?<\/p>\n","protected":false},"excerpt":{"rendered":"<p>Neulich habe ich das ja nur geunkt, aber tats\u00e4chlich schreibt die Polizei es nun auch in ihren Presseberichten und die Lokalzeitungen gibt es unkommentiert weiter: NW-News vom 29.12.2013: Polizei k\u00fcndigt Alkoholkontrollen an und r\u00e4t Fu\u00dfg\u00e4ngern zu reflektierender Kleidung &#8230; Allein &hellip;<\/p>\n<p class=\"read-more\"> <a class=\"more-link\" href=\"https:\/\/www.andreas-edler.de\/blog\/2013\/12\/beleuchtung-fuer-fussgaenger\/\"> <span class=\"screen-reader-text\">Beleuchtung f\u00fcr Fu\u00dfg\u00e4nger<\/span> Weiterlesen &raquo;<\/a><\/p>\n","protected":false},"author":1,"featured_media":0,"comment_status":"open","ping_status":"open","sticky":false,"template":"","format":"standard","meta":{"ngg_post_thumbnail":0,"activitypub_content_warning":"","activitypub_content_visibility":"","activitypub_max_image_attachments":2,"activitypub_interaction_policy_quote":"anyone","activitypub_status":"","footnotes":""},"categories":[18,13],"tags":[34,66,127,76],"class_list":["post-21515","post","type-post","status-publish","format-standard","hentry","category-fraglich","category-verkehr","tag-kommunikation","tag-mecker","tag-polizei","tag-sicherheit"],"share_on_mastodon":{"url":"","error":""},"_links":{"self":[{"href":"https:\/\/www.andreas-edler.de\/blog\/wp-json\/wp\/v2\/posts\/21515","targetHints":{"allow":["GET"]}}],"collection":[{"href":"https:\/\/www.andreas-edler.de\/blog\/wp-json\/wp\/v2\/posts"}],"about":[{"href":"https:\/\/www.andreas-edler.de\/blog\/wp-json\/wp\/v2\/types\/post"}],"author":[{"embeddable":true,"href":"https:\/\/www.andreas-edler.de\/blog\/wp-json\/wp\/v2\/users\/1"}],"replies":[{"embeddable":true,"href":"https:\/\/www.andreas-edler.de\/blog\/wp-json\/wp\/v2\/comments?post=21515"}],"version-history":[{"count":0,"href":"https:\/\/www.andreas-edler.de\/blog\/wp-json\/wp\/v2\/posts\/21515\/revisions"}],"wp:attachment":[{"href":"https:\/\/www.andreas-edler.de\/blog\/wp-json\/wp\/v2\/media?parent=21515"}],"wp:term":[{"taxonomy":"category","embeddable":true,"href":"https:\/\/www.andreas-edler.de\/blog\/wp-json\/wp\/v2\/categories?post=21515"},{"taxonomy":"post_tag","embeddable":true,"href":"https:\/\/www.andreas-edler.de\/blog\/wp-json\/wp\/v2\/tags?post=21515"}],"curies":[{"name":"wp","href":"https:\/\/api.w.org\/{rel}","templated":true}]}}