{"id":21497,"date":"2013-12-25T14:26:09","date_gmt":"2013-12-25T13:26:09","guid":{"rendered":"http:\/\/www.andreas-edler.de\/blog\/?p=21497"},"modified":"2013-12-25T14:55:53","modified_gmt":"2013-12-25T13:55:53","slug":"weihnachtsvormittagsrunde","status":"publish","type":"post","link":"https:\/\/www.andreas-edler.de\/blog\/2013\/12\/weihnachtsvormittagsrunde\/","title":{"rendered":"Weihnachtsvormittagsrunde"},"content":{"rendered":"<p><figure id=\"attachment_21498\" aria-describedby=\"caption-attachment-21498\" style=\"width: 300px\" class=\"wp-caption alignright\"><a href=\"http:\/\/www.andreas-edler.de\/blog\/wp-content\/uploads\/2013\/12\/2013-12-25-11.51.21_mod.jpg\"><img loading=\"lazy\" decoding=\"async\" src=\"http:\/\/www.andreas-edler.de\/blog\/wp-content\/uploads\/2013\/12\/2013-12-25-11.51.21_mod-300x164.jpg\" alt=\"Frische Luft schnappen nach der V\u00f6llerei am Heiligabend.\" width=\"300\" height=\"164\" class=\"size-medium wp-image-21498\" srcset=\"https:\/\/www.andreas-edler.de\/blog\/wp-content\/uploads\/2013\/12\/2013-12-25-11.51.21_mod-300x164.jpg 300w, https:\/\/www.andreas-edler.de\/blog\/wp-content\/uploads\/2013\/12\/2013-12-25-11.51.21_mod-1024x561.jpg 1024w\" sizes=\"auto, (max-width: 300px) 100vw, 300px\" \/><\/a><figcaption id=\"caption-attachment-21498\" class=\"wp-caption-text\">Frische Luft schnappen nach der V\u00f6llerei am Heiligabend.<\/figcaption><\/figure> Nach dem Duschen auf die Waage gestellt und sofort im Schlafzimmer zum Klamottenschrank gerannt, um frische Fahrradsachen \u00fcber zu werfen. Geht ja gar nicht :-( War zwar noch ein bisschen feucht auf der Stra\u00dfe, aber die Luft war ganz sch\u00f6n wie ich so Richtung Porta gefahren bin.<\/p>\n<p>Hab&#8217;s gestern schon geschrieben: fit ist anders. Kurz vor dem Bahnhof habe ich dann ganz spontan rechts rauf geguckt, dann links rauf, rechts, links &#8230; OK &#8230; fahre ich mal zum Wilhelm hoch.<!--more--> Bin ich dieses Jahr noch gar nicht, glaube ich. Die Idee hatte \u00fcbrigens nicht nur ich. Beim hoch<s>radeln<\/s>qu\u00e4len kam mir jemand von oben entgegen und gr\u00fc\u00dfte freundlich. Ich war dann irgendwann auch am Denkmal. Tats\u00e4chlich war ich nur nicht schnell, sonderlich am Ende aber auch nicht. Kein Seitenstechen, nicht aus der Puste, ich konnte nur nicht schneller treten. <\/p>\n<p style=\"text-align:center;font-size: smaller;\"><img decoding=\"async\" src=\"http:\/\/www.andreas-edler.de\/grafik\/blog_2013\/20131225_profil.png\" width=\"470\" border=\"0\" alt=\"\" title=\"\"><\/p>\n<p> So doll viele H\u00f6henmeter bringt der Wilhelm gar nicht. Zur\u00fcck an der Weser entlang kam der Wind ungl\u00fccklicherweise von vorne und ich freute mich, doch zwei Radhemden \u00fcbereinander angezogen zu haben. Und w\u00e4hrend ich das hier schreibe, knurrt der Magen &#8211; Fr\u00fchst\u00fcck gab&#8217;s nicht &#8211; und ich habe wieder ein gutes Gewissen. N\u00e4chste V\u00f6llerei wartet schon am sp\u00e4ten Nachmittag :-)<\/p>\n<p>28,2 Km | 19,5 Km\/h Schnitt | 44,4 Km\/h max. | 260 H\u00f6henmeter<\/p>\n","protected":false},"excerpt":{"rendered":"<p>Nach dem Duschen auf die Waage gestellt und sofort im Schlafzimmer zum Klamottenschrank gerannt, um frische Fahrradsachen \u00fcber zu werfen. Geht ja gar nicht :-( War zwar noch ein bisschen feucht auf der Stra\u00dfe, aber die Luft war ganz sch\u00f6n &hellip;<\/p>\n<p class=\"read-more\"> <a class=\"more-link\" href=\"https:\/\/www.andreas-edler.de\/blog\/2013\/12\/weihnachtsvormittagsrunde\/\"> <span class=\"screen-reader-text\">Weihnachtsvormittagsrunde<\/span> Weiterlesen &raquo;<\/a><\/p>\n","protected":false},"author":1,"featured_media":0,"comment_status":"open","ping_status":"open","sticky":false,"template":"","format":"standard","meta":{"ngg_post_thumbnail":0,"activitypub_content_warning":"","activitypub_content_visibility":"","activitypub_max_image_attachments":2,"activitypub_interaction_policy_quote":"anyone","activitypub_status":"","footnotes":""},"categories":[15],"tags":[164,61,7,163,165],"class_list":["post-21497","post","type-post","status-publish","format-standard","hentry","category-fahrrad","tag-abnehmen","tag-essen","tag-gesundheit","tag-gewicht","tag-gute-vorsaetze"],"share_on_mastodon":{"url":"","error":""},"_links":{"self":[{"href":"https:\/\/www.andreas-edler.de\/blog\/wp-json\/wp\/v2\/posts\/21497","targetHints":{"allow":["GET"]}}],"collection":[{"href":"https:\/\/www.andreas-edler.de\/blog\/wp-json\/wp\/v2\/posts"}],"about":[{"href":"https:\/\/www.andreas-edler.de\/blog\/wp-json\/wp\/v2\/types\/post"}],"author":[{"embeddable":true,"href":"https:\/\/www.andreas-edler.de\/blog\/wp-json\/wp\/v2\/users\/1"}],"replies":[{"embeddable":true,"href":"https:\/\/www.andreas-edler.de\/blog\/wp-json\/wp\/v2\/comments?post=21497"}],"version-history":[{"count":0,"href":"https:\/\/www.andreas-edler.de\/blog\/wp-json\/wp\/v2\/posts\/21497\/revisions"}],"wp:attachment":[{"href":"https:\/\/www.andreas-edler.de\/blog\/wp-json\/wp\/v2\/media?parent=21497"}],"wp:term":[{"taxonomy":"category","embeddable":true,"href":"https:\/\/www.andreas-edler.de\/blog\/wp-json\/wp\/v2\/categories?post=21497"},{"taxonomy":"post_tag","embeddable":true,"href":"https:\/\/www.andreas-edler.de\/blog\/wp-json\/wp\/v2\/tags?post=21497"}],"curies":[{"name":"wp","href":"https:\/\/api.w.org\/{rel}","templated":true}]}}