{"id":21426,"date":"2013-12-21T16:24:12","date_gmt":"2013-12-21T15:24:12","guid":{"rendered":"http:\/\/www.andreas-edler.de\/blog\/?p=21426"},"modified":"2013-12-21T16:24:12","modified_gmt":"2013-12-21T15:24:12","slug":"das-fest-kann-kommen","status":"publish","type":"post","link":"https:\/\/www.andreas-edler.de\/blog\/2013\/12\/das-fest-kann-kommen\/","title":{"rendered":"Das Fest kann kommen"},"content":{"rendered":"<p>Wir sind vorbereitet. Alles was man f\u00fcr ein Weihnachtsfest ben\u00f6tigt, steht jetzt im Wohnzimmer. Der Besuch darf anr\u00fccken. <\/p>\n<p style=\"text-align:center;font-size: smaller;\"><img decoding=\"async\" src=\"http:\/\/www.andreas-edler.de\/grafik\/blog_2013\/20131221_weihnachtsbaum.jpg\" width=\"470\" border=\"0\" alt=\"\" title=\"\"><\/p>\n<p> Ich bin froh, wenn alles vorbei ist. Weihnachten ist nicht mein Fest. &#8222;Besinnlich&#8220; ist in diesen Tagen sowieso nichts und wenn ich auch noch Ruhe finden w\u00fcrde, um \u00fcber &#8222;die Welt und so&#8220; ernsthaft nachzudenken, w\u00fcrde mir der Kopf platzen.<\/p>\n","protected":false},"excerpt":{"rendered":"<p>Wir sind vorbereitet. Alles was man f\u00fcr ein Weihnachtsfest ben\u00f6tigt, steht jetzt im Wohnzimmer. Der Besuch darf anr\u00fccken. Ich bin froh, wenn alles vorbei ist. Weihnachten ist nicht mein Fest. &#8222;Besinnlich&#8220; ist in diesen Tagen sowieso nichts und wenn ich &hellip;<\/p>\n<p class=\"read-more\"> <a class=\"more-link\" href=\"https:\/\/www.andreas-edler.de\/blog\/2013\/12\/das-fest-kann-kommen\/\"> <span class=\"screen-reader-text\">Das Fest kann kommen<\/span> Weiterlesen &raquo;<\/a><\/p>\n","protected":false},"author":1,"featured_media":0,"comment_status":"open","ping_status":"open","sticky":false,"template":"","format":"standard","meta":{"ngg_post_thumbnail":0,"activitypub_content_warning":"","activitypub_content_visibility":"","activitypub_max_image_attachments":2,"activitypub_interaction_policy_quote":"anyone","activitypub_status":"","footnotes":""},"categories":[1],"tags":[21,36],"class_list":["post-21426","post","type-post","status-publish","format-standard","hentry","category-allgemein","tag-feier","tag-modell"],"share_on_mastodon":{"url":"","error":""},"_links":{"self":[{"href":"https:\/\/www.andreas-edler.de\/blog\/wp-json\/wp\/v2\/posts\/21426","targetHints":{"allow":["GET"]}}],"collection":[{"href":"https:\/\/www.andreas-edler.de\/blog\/wp-json\/wp\/v2\/posts"}],"about":[{"href":"https:\/\/www.andreas-edler.de\/blog\/wp-json\/wp\/v2\/types\/post"}],"author":[{"embeddable":true,"href":"https:\/\/www.andreas-edler.de\/blog\/wp-json\/wp\/v2\/users\/1"}],"replies":[{"embeddable":true,"href":"https:\/\/www.andreas-edler.de\/blog\/wp-json\/wp\/v2\/comments?post=21426"}],"version-history":[{"count":0,"href":"https:\/\/www.andreas-edler.de\/blog\/wp-json\/wp\/v2\/posts\/21426\/revisions"}],"wp:attachment":[{"href":"https:\/\/www.andreas-edler.de\/blog\/wp-json\/wp\/v2\/media?parent=21426"}],"wp:term":[{"taxonomy":"category","embeddable":true,"href":"https:\/\/www.andreas-edler.de\/blog\/wp-json\/wp\/v2\/categories?post=21426"},{"taxonomy":"post_tag","embeddable":true,"href":"https:\/\/www.andreas-edler.de\/blog\/wp-json\/wp\/v2\/tags?post=21426"}],"curies":[{"name":"wp","href":"https:\/\/api.w.org\/{rel}","templated":true}]}}