{"id":21422,"date":"2013-12-21T10:37:22","date_gmt":"2013-12-21T09:37:22","guid":{"rendered":"http:\/\/www.andreas-edler.de\/blog\/?p=21422"},"modified":"2013-12-21T19:10:08","modified_gmt":"2013-12-21T18:10:08","slug":"ohne-angebot-nutzt-kaufkraft-nichts","status":"publish","type":"post","link":"https:\/\/www.andreas-edler.de\/blog\/2013\/12\/ohne-angebot-nutzt-kaufkraft-nichts\/","title":{"rendered":"Ohne Angebot nutzt Kaufkraft nichts"},"content":{"rendered":"<p>Mir geht das Gerede inzwischen ziemlich auf den Senkel. In einem langen Artikel in der Neuen-Westf\u00e4lischen beschreibt die IHK-F\u00fchrung aus Minden, wie es kaufkraftm\u00e4\u00dfig in Bad Oeynhausen aussieht und was dagegen in der Innenstadt geboten wird. Soweit kann ich durchaus zustimmen. Aber dann kommt, was man \u00e4ndern muss und Herr Drabert schimpft auf Verwaltung und Politik, die sich zum Beispiel nicht f\u00fcr eine <a href=\"http:\/\/www.andreas-edler.de\/blog\/2013\/01\/herforder-strasse-wird-nicht-fuer-den-motorisierten-verkehr-geoeffnet\/\" title=\"Herforder Stra\u00dfe wird nicht f\u00fcr den motorisierten Verkehr ge\u00f6ffnet\">Freigabe der Herforder Stra\u00dfe f\u00fcr den Autoverkehr<\/a> erw\u00e4rmen konnten. Und das ist gut so. <cite>Neue-Westf\u00e4lische: <b><a href=\"\">Kr\u00e4ftige K\u00e4ufer, schwaches Zentrum<\/a><\/b><br \/>\n&#8230; Drabert spart nicht mit Kritik an Stadtverwaltung und Politik. \u201eVon dieser Seite ist doch nichts gekommen zur St\u00e4rkung der Innenstadt\u201c, sagt Drabert, der die Hagemeyer-Gesch\u00e4ftsf\u00fchrung k\u00fcrzlich an seine Tochter \u00fcbergeben hat. \u201eIm Gegenteil: Unser Vorsto\u00df in diesem Jahr, die Herforder Stra\u00dfe zumindest zum Teil f\u00fcr den Verkehr freizugeben, wurde abgelehnt &#8230;<\/cite> Kein Mensch hat Probleme mit dem Auto in die Innenstadt zu kommen.<!--more--> Wir haben Parkh\u00e4user, die es dem Kunden erm\u00f6glichen in 1 1\/2 Minuten fu\u00dfl\u00e4ufig die Gesch\u00e4fte zu erreichen. Eine \u00d6ffnung der Herforder w\u00fcrde lediglich zu Durchgangsverkehr und wildem Parken f\u00fchren. In anderen St\u00e4dten gibt es das auch nicht. Punkt. Was aber sehr wohl dazu f\u00fchrt, dass man in einer Innenstadt nicht kauft, ist ein mangelndes Produktangebot. Das kann Verwaltung und Politik aber nicht steuern. Weder geh\u00f6ren die Leerst\u00e4nde der Stadt, noch kann man einem Gesch\u00e4ft vorschreiben, welches Sortiment gef\u00fchrt wird.<\/p>\n<p>Herr Drabert als ehemaliger Gesch\u00e4ftsf\u00fchrer des Kaufhauses Hagemeyer h\u00e4tte es aber in der Hand gehabt. Denn ich habe fr\u00fcher dort meine Kleidung gekauft. Zumindest bis Hagemeyer die Herrenabteilung aufgegeben hat. Seitdem kaufe ich Hemden, Sakkos oder Pullover mal bei Bruno Kleine, mal bei C &#038; A oder auch im Netz &#8211; aber eben nicht mehr in der Innenstadt. Danke Herr Drabert, dass Sie mit dieser Art und Weise der Sortimentspolitik f\u00fcr Bad Oeynhausens Innenstadt aktiv waren!<\/p>\n<p>Vielleicht k\u00f6nnte man statt dem ewigen Meckern und mit dem Finger auf andere zeigen auch einfach mal aktiv werden und abseits von bunten Bildern in Tunneln, mehr Angebot schaffen? Vielleicht k\u00f6nnte man statt ewig auf die Parkgeb\u00fchren zu schimpfen, dem willigen Kunden einfach 10 Cent bei jedem Kauf erstatten &#8211; wie Hagemeyer es fr\u00fcher gemacht und leider aufgegeben hat! Vielleicht k\u00f6nnte man die existierenden Parkh\u00e4user auch einfach mal positiv erw\u00e4hnen und nicht immer nur darauf schimpfen, dass sie nicht unter dem eigenen Geb\u00e4ude sind? Einfacher ist es nat\u00fcrlich, sich zur\u00fcck zu lehnen und zu meckern &#8230;<\/p>\n","protected":false},"excerpt":{"rendered":"<p>Mir geht das Gerede inzwischen ziemlich auf den Senkel. In einem langen Artikel in der Neuen-Westf\u00e4lischen beschreibt die IHK-F\u00fchrung aus Minden, wie es kaufkraftm\u00e4\u00dfig in Bad Oeynhausen aussieht und was dagegen in der Innenstadt geboten wird. Soweit kann ich durchaus &hellip;<\/p>\n<p class=\"read-more\"> <a class=\"more-link\" href=\"https:\/\/www.andreas-edler.de\/blog\/2013\/12\/ohne-angebot-nutzt-kaufkraft-nichts\/\"> <span class=\"screen-reader-text\">Ohne Angebot nutzt Kaufkraft nichts<\/span> Weiterlesen &raquo;<\/a><\/p>\n","protected":false},"author":1,"featured_media":0,"comment_status":"open","ping_status":"open","sticky":false,"template":"","format":"standard","meta":{"ngg_post_thumbnail":0,"activitypub_content_warning":"","activitypub_content_visibility":"","activitypub_max_image_attachments":2,"activitypub_interaction_policy_quote":"anyone","activitypub_status":"","footnotes":""},"categories":[14,45],"tags":[34,64,66,59,33,72],"class_list":["post-21422","post","type-post","status-publish","format-standard","hentry","category-bad-oeynhausen","category-politik","tag-kommunikation","tag-konsum","tag-mecker","tag-presse","tag-service","tag-verwaltung"],"share_on_mastodon":{"url":"","error":""},"_links":{"self":[{"href":"https:\/\/www.andreas-edler.de\/blog\/wp-json\/wp\/v2\/posts\/21422","targetHints":{"allow":["GET"]}}],"collection":[{"href":"https:\/\/www.andreas-edler.de\/blog\/wp-json\/wp\/v2\/posts"}],"about":[{"href":"https:\/\/www.andreas-edler.de\/blog\/wp-json\/wp\/v2\/types\/post"}],"author":[{"embeddable":true,"href":"https:\/\/www.andreas-edler.de\/blog\/wp-json\/wp\/v2\/users\/1"}],"replies":[{"embeddable":true,"href":"https:\/\/www.andreas-edler.de\/blog\/wp-json\/wp\/v2\/comments?post=21422"}],"version-history":[{"count":0,"href":"https:\/\/www.andreas-edler.de\/blog\/wp-json\/wp\/v2\/posts\/21422\/revisions"}],"wp:attachment":[{"href":"https:\/\/www.andreas-edler.de\/blog\/wp-json\/wp\/v2\/media?parent=21422"}],"wp:term":[{"taxonomy":"category","embeddable":true,"href":"https:\/\/www.andreas-edler.de\/blog\/wp-json\/wp\/v2\/categories?post=21422"},{"taxonomy":"post_tag","embeddable":true,"href":"https:\/\/www.andreas-edler.de\/blog\/wp-json\/wp\/v2\/tags?post=21422"}],"curies":[{"name":"wp","href":"https:\/\/api.w.org\/{rel}","templated":true}]}}