{"id":21419,"date":"2013-12-20T23:39:06","date_gmt":"2013-12-20T22:39:06","guid":{"rendered":"http:\/\/www.andreas-edler.de\/blog\/?p=21419"},"modified":"2013-12-20T23:39:46","modified_gmt":"2013-12-20T22:39:46","slug":"sielwehrbruecke","status":"publish","type":"post","link":"https:\/\/www.andreas-edler.de\/blog\/2013\/12\/sielwehrbruecke\/","title":{"rendered":"Sielwehrbr\u00fccke"},"content":{"rendered":"<p>Ein Ausbund architektonischen Wohlgefallens war die Br\u00fccke \u00fcber das Sielwehr beileibe noch nie. Und inzwischen ist sie ja auch eher abg\u00e4ngig. Damit man noch ein paar Tage dr\u00fcber gehen kann, wurde jetzt zumindest das Gel\u00e4nder &#8230; nunja &#8211; es wurde jedenfalls was gemacht. <\/p>\n<p style=\"text-align:center;font-size: smaller;\"><img decoding=\"async\" src=\"http:\/\/www.andreas-edler.de\/grafik\/blog_2013\/20131220_sielwehrbruecke.jpg\" width=\"470\" border=\"0\" alt=\"\" title=\"\"><\/p>\n<p><!--more--> Ich finde es gut, dass man versucht mit schmalem Geld noch was zu retten. Ich finde es gut, dass es relativ zeitnah geschieht. Und ich finde es furchtbar h\u00e4sslich. <\/p>\n<p style=\"text-align:center;font-size: smaller;\"><img decoding=\"async\" src=\"http:\/\/www.andreas-edler.de\/grafik\/blog_2013\/20131220_sielwehrbruecke2.jpg\" width=\"470\" border=\"0\" alt=\"\" title=\"\"><\/p>\n<p> Vor das, seine Schutzfunktion nicht mehr erf\u00fcllende, Gel\u00e4nder wurde kurzerhand ein zweites gesetzt. Neue St\u00fctzen in den Beton geschraubt\/gebohrt\/einbetoniert und daran diese Drahtzaunelemente gedengelt. Neee, nicht h\u00fcbsch. Hoffen wir, dass die Planungen f\u00fcr die Renaturierung der Werre m\u00f6glichst schnell voran gehen!<\/p>\n","protected":false},"excerpt":{"rendered":"<p>Ein Ausbund architektonischen Wohlgefallens war die Br\u00fccke \u00fcber das Sielwehr beileibe noch nie. Und inzwischen ist sie ja auch eher abg\u00e4ngig. Damit man noch ein paar Tage dr\u00fcber gehen kann, wurde jetzt zumindest das Gel\u00e4nder &#8230; nunja &#8211; es wurde &hellip;<\/p>\n<p class=\"read-more\"> <a class=\"more-link\" href=\"https:\/\/www.andreas-edler.de\/blog\/2013\/12\/sielwehrbruecke\/\"> <span class=\"screen-reader-text\">Sielwehrbr\u00fccke<\/span> Weiterlesen &raquo;<\/a><\/p>\n","protected":false},"author":1,"featured_media":0,"comment_status":"open","ping_status":"open","sticky":false,"template":"","format":"standard","meta":{"ngg_post_thumbnail":0,"activitypub_content_warning":"","activitypub_content_visibility":"","activitypub_max_image_attachments":2,"activitypub_interaction_policy_quote":"anyone","activitypub_status":"","footnotes":""},"categories":[14,13],"tags":[76,125],"class_list":["post-21419","post","type-post","status-publish","format-standard","hentry","category-bad-oeynhausen","category-verkehr","tag-sicherheit","tag-sielwehr"],"share_on_mastodon":{"url":"","error":""},"_links":{"self":[{"href":"https:\/\/www.andreas-edler.de\/blog\/wp-json\/wp\/v2\/posts\/21419","targetHints":{"allow":["GET"]}}],"collection":[{"href":"https:\/\/www.andreas-edler.de\/blog\/wp-json\/wp\/v2\/posts"}],"about":[{"href":"https:\/\/www.andreas-edler.de\/blog\/wp-json\/wp\/v2\/types\/post"}],"author":[{"embeddable":true,"href":"https:\/\/www.andreas-edler.de\/blog\/wp-json\/wp\/v2\/users\/1"}],"replies":[{"embeddable":true,"href":"https:\/\/www.andreas-edler.de\/blog\/wp-json\/wp\/v2\/comments?post=21419"}],"version-history":[{"count":0,"href":"https:\/\/www.andreas-edler.de\/blog\/wp-json\/wp\/v2\/posts\/21419\/revisions"}],"wp:attachment":[{"href":"https:\/\/www.andreas-edler.de\/blog\/wp-json\/wp\/v2\/media?parent=21419"}],"wp:term":[{"taxonomy":"category","embeddable":true,"href":"https:\/\/www.andreas-edler.de\/blog\/wp-json\/wp\/v2\/categories?post=21419"},{"taxonomy":"post_tag","embeddable":true,"href":"https:\/\/www.andreas-edler.de\/blog\/wp-json\/wp\/v2\/tags?post=21419"}],"curies":[{"name":"wp","href":"https:\/\/api.w.org\/{rel}","templated":true}]}}