{"id":21390,"date":"2013-12-12T08:01:55","date_gmt":"2013-12-12T07:01:55","guid":{"rendered":"http:\/\/www.andreas-edler.de\/blog\/?p=21390"},"modified":"2013-12-12T08:02:51","modified_gmt":"2013-12-12T07:02:51","slug":"grosse-koalition","status":"publish","type":"post","link":"https:\/\/www.andreas-edler.de\/blog\/2013\/12\/grosse-koalition\/","title":{"rendered":"Gro\u00dfe Koalition"},"content":{"rendered":"<p>In den gestrigen Haushaltsverhandlungen hat sich die gro\u00dfe Koalition in Bad Oeynhausen gegenseitig ihre Ver\u00e4nderungslisten abgesegnet und wieder einmal viel Geld verplant, welches anders sinnvoller verwendet werden k\u00f6nnte. Man denke nur an die vielen Millionen, die wir auf der Lohe im Boden verbuddelt haben und von denen ich im Rat seit 2009 best\u00e4ndig h\u00f6re &#8222;Da kommt bald was zur\u00fcck!&#8220; &#8230; Richtig ist, dass in unser Verm\u00f6gen investiert werden muss. Wir m\u00fcssen das Stra\u00dfennetz &#8211; das ist unser haupts\u00e4chliches Verm\u00f6gen &#8211; sanieren, damit die Abschreibungen nicht nur auf dem Papier daf\u00fcr sorgen, dass wir bald nichts mehr haben.<\/p>\n<p>Angesichts dieser Millionenaufgabe allerdings so ein Unding wie den Sportpark an der Mindener Stra\u00dfe f\u00fcr einen einzigen Verein zu beschlie\u00dfen und unsere Sole zu verschleudern, will mir nicht in den Kopf. Nunja, wir werden sehen.<\/p>\n<p>Dabei habe ich aber nicht die Sorge, wie sich die kleinen Fraktionen in Zukunft einbringen k\u00f6nnen. Dies mutma\u00dft Herr Stuke in seinem heutigen Kommentar in der Neuen-Westf\u00e4lischen. Da wird man sich schon Wort verschaffen. Ich bin konsterniert ob der Gleichg\u00fcltigeit, mit der hier mit Geld hantiert wird, welches nicht das eigene ist.<\/p>\n","protected":false},"excerpt":{"rendered":"<p>In den gestrigen Haushaltsverhandlungen hat sich die gro\u00dfe Koalition in Bad Oeynhausen gegenseitig ihre Ver\u00e4nderungslisten abgesegnet und wieder einmal viel Geld verplant, welches anders sinnvoller verwendet werden k\u00f6nnte. Man denke nur an die vielen Millionen, die wir auf der Lohe &hellip;<\/p>\n<p class=\"read-more\"> <a class=\"more-link\" href=\"https:\/\/www.andreas-edler.de\/blog\/2013\/12\/grosse-koalition\/\"> <span class=\"screen-reader-text\">Gro\u00dfe Koalition<\/span> Weiterlesen &raquo;<\/a><\/p>\n","protected":false},"author":1,"featured_media":0,"comment_status":"open","ping_status":"open","sticky":false,"template":"","format":"standard","meta":{"ngg_post_thumbnail":0,"activitypub_content_warning":"","activitypub_content_visibility":"","activitypub_max_image_attachments":2,"activitypub_interaction_policy_quote":"anyone","activitypub_status":"","footnotes":""},"categories":[14,45],"tags":[51,75],"class_list":["post-21390","post","type-post","status-publish","format-standard","hentry","category-bad-oeynhausen","category-politik","tag-geld","tag-grun"],"share_on_mastodon":{"url":"","error":""},"_links":{"self":[{"href":"https:\/\/www.andreas-edler.de\/blog\/wp-json\/wp\/v2\/posts\/21390","targetHints":{"allow":["GET"]}}],"collection":[{"href":"https:\/\/www.andreas-edler.de\/blog\/wp-json\/wp\/v2\/posts"}],"about":[{"href":"https:\/\/www.andreas-edler.de\/blog\/wp-json\/wp\/v2\/types\/post"}],"author":[{"embeddable":true,"href":"https:\/\/www.andreas-edler.de\/blog\/wp-json\/wp\/v2\/users\/1"}],"replies":[{"embeddable":true,"href":"https:\/\/www.andreas-edler.de\/blog\/wp-json\/wp\/v2\/comments?post=21390"}],"version-history":[{"count":0,"href":"https:\/\/www.andreas-edler.de\/blog\/wp-json\/wp\/v2\/posts\/21390\/revisions"}],"wp:attachment":[{"href":"https:\/\/www.andreas-edler.de\/blog\/wp-json\/wp\/v2\/media?parent=21390"}],"wp:term":[{"taxonomy":"category","embeddable":true,"href":"https:\/\/www.andreas-edler.de\/blog\/wp-json\/wp\/v2\/categories?post=21390"},{"taxonomy":"post_tag","embeddable":true,"href":"https:\/\/www.andreas-edler.de\/blog\/wp-json\/wp\/v2\/tags?post=21390"}],"curies":[{"name":"wp","href":"https:\/\/api.w.org\/{rel}","templated":true}]}}