{"id":21359,"date":"2013-11-30T23:12:55","date_gmt":"2013-11-30T22:12:55","guid":{"rendered":"http:\/\/www.andreas-edler.de\/blog\/?p=21359"},"modified":"2013-12-03T23:27:20","modified_gmt":"2013-12-03T22:27:20","slug":"weihnachtsmarkt-eidinghausen-2013","status":"publish","type":"post","link":"https:\/\/www.andreas-edler.de\/blog\/2013\/11\/weihnachtsmarkt-eidinghausen-2013\/","title":{"rendered":"Weihnachtsmarkt Eidinghausen 2013"},"content":{"rendered":"<p>Eigentlich wollte ich Samstag richtig ranklotzen zu Hause. Nunja, also zumindest einen Bewegungsmelder an den Schuppen basteln, damit ich was erkennen kann, wenn ich mit dem Rad im Dunklen von der Arbeit komme. Aber irgendwie sind wir sp\u00e4t aufgestanden, dann musste ich einkaufen, dann noch dies und jenes von einer Ecke in die andere schieben und am Nachmittag wollten wir zum Weihnachtsmarkt nach Eidinghausen. Der Nachwuchs 1.0 war ganz besonders hei\u00df und ist recht fr\u00fch alleine mit dem Fahrrad los.<!--more--><\/p>\n<p>Eine Stunde sp\u00e4ter folgten Alex und ich dann nach. Ben das erste Mal im Kinderwagen mit auf T\u00fcdel\u00fct. Hat auch sehr gut geklappt. Der Kleine war weitgehend ruhig und alle die in den Wagen guckten, sahen ein entspannt schlafendes Baby. Angeber, der Junge! Tim ist derweil alleine rumgelaufen, hat hier und dort geschaut, sich mit Freunden unterhalten und war ganz offensichtlich guter Dinge. <\/p>\n<p style=\"text-align:center;font-size: smaller;\"><img decoding=\"async\" src=\"http:\/\/www.andreas-edler.de\/grafik\/blog_2013\/20131130_weihnachtsmarkt_eidinghausen.jpg\" width=\"470\" border=\"0\" alt=\"\" title=\"\"><\/p>\n<p> Den Feuerzauber habe ich allerdings nicht mehr gesehen, weil ich im kurz nach 5 Eidinghausen verlassen habe und nach Hahlen fuhr, weil ich dort dem HCE beim Handballspielen zuschauen wollte. Alex ist mit dem Kinderwagen kurz darauf nach Hause geschoben &#8211; und der Gro\u00dfe hat mir auf die Mailbox gesprochen, dass er um halb 7 nach Hause kommt :-o Ganz sch\u00f6n selbst\u00e4ndig geworden, der Junge.<\/p>\n","protected":false},"excerpt":{"rendered":"<p>Eigentlich wollte ich Samstag richtig ranklotzen zu Hause. Nunja, also zumindest einen Bewegungsmelder an den Schuppen basteln, damit ich was erkennen kann, wenn ich mit dem Rad im Dunklen von der Arbeit komme. Aber irgendwie sind wir sp\u00e4t aufgestanden, dann &hellip;<\/p>\n<p class=\"read-more\"> <a class=\"more-link\" href=\"https:\/\/www.andreas-edler.de\/blog\/2013\/11\/weihnachtsmarkt-eidinghausen-2013\/\"> <span class=\"screen-reader-text\">Weihnachtsmarkt Eidinghausen 2013<\/span> Weiterlesen &raquo;<\/a><\/p>\n","protected":false},"author":1,"featured_media":0,"comment_status":"open","ping_status":"open","sticky":false,"template":"","format":"standard","meta":{"ngg_post_thumbnail":0,"activitypub_content_warning":"","activitypub_content_visibility":"","activitypub_max_image_attachments":2,"activitypub_interaction_policy_quote":"anyone","activitypub_status":"","footnotes":""},"categories":[14],"tags":[17,21],"class_list":["post-21359","post","type-post","status-publish","format-standard","hentry","category-bad-oeynhausen","tag-auf-der-piste","tag-feier"],"share_on_mastodon":{"url":"","error":""},"_links":{"self":[{"href":"https:\/\/www.andreas-edler.de\/blog\/wp-json\/wp\/v2\/posts\/21359","targetHints":{"allow":["GET"]}}],"collection":[{"href":"https:\/\/www.andreas-edler.de\/blog\/wp-json\/wp\/v2\/posts"}],"about":[{"href":"https:\/\/www.andreas-edler.de\/blog\/wp-json\/wp\/v2\/types\/post"}],"author":[{"embeddable":true,"href":"https:\/\/www.andreas-edler.de\/blog\/wp-json\/wp\/v2\/users\/1"}],"replies":[{"embeddable":true,"href":"https:\/\/www.andreas-edler.de\/blog\/wp-json\/wp\/v2\/comments?post=21359"}],"version-history":[{"count":0,"href":"https:\/\/www.andreas-edler.de\/blog\/wp-json\/wp\/v2\/posts\/21359\/revisions"}],"wp:attachment":[{"href":"https:\/\/www.andreas-edler.de\/blog\/wp-json\/wp\/v2\/media?parent=21359"}],"wp:term":[{"taxonomy":"category","embeddable":true,"href":"https:\/\/www.andreas-edler.de\/blog\/wp-json\/wp\/v2\/categories?post=21359"},{"taxonomy":"post_tag","embeddable":true,"href":"https:\/\/www.andreas-edler.de\/blog\/wp-json\/wp\/v2\/tags?post=21359"}],"curies":[{"name":"wp","href":"https:\/\/api.w.org\/{rel}","templated":true}]}}