{"id":21353,"date":"2013-11-30T15:34:08","date_gmt":"2013-11-30T14:34:08","guid":{"rendered":"http:\/\/www.andreas-edler.de\/blog\/?p=21353"},"modified":"2013-11-30T15:34:08","modified_gmt":"2013-11-30T14:34:08","slug":"abgeordnetenwatch-de","status":"publish","type":"post","link":"https:\/\/www.andreas-edler.de\/blog\/2013\/11\/abgeordnetenwatch-de\/","title":{"rendered":"abgeordnetenwatch.de"},"content":{"rendered":"<p>Bei uns im Rat ist man zur letzten Ratsperiode angetreten und hat sich unter anderem Transparenz und den gl\u00e4sernen Rat auf die Fahnen geschrieben &#8211; wenn ich die Reden von damals noch richtig im Kopf habe. Seitdem haben wir das Streamen der Sitzungen im Internet abgelehnt, die Ver\u00f6ffentlichung der Abstimmungslisten bei namentlicher Abstimmung in \u00f6ffentlicher Sitzung verhindert und dagegen votiert, dass Audioaufzeichnungen von Sitzungen erstellt werden, die im Nachgang B\u00fcrgern zum Download angeboten werden k\u00f6nnen. In Bad Oeynhausen tut man einiges, um es B\u00fcrgern zu erleichtern, am Rats- und Ausschussgeschehen teil zu haben.<\/p>\n<p>Ich habe in der Fraktion einen weiteren Anlauf f\u00fcr Transparenz und B\u00fcrgerbeteiligung angesto\u00dfen und in der n\u00e4chsten Ratssitzung haben wir einen <a href=\"http:\/\/www.gruene-badoeynhausen.de\/wp\/2013\/11\/registrierung-der-stadt-bad-oeynhausen-auf-der-internetplattform-abgeordnetenwatch-de\/\">Gesch\u00e4ftsordnungsantrag f\u00fcr einen Beschlu\u00df auf der Tagesordnung, der Rat in Bad Oeynhausen m\u00f6ge sich auf abgeordnetenwatch.de interessierten B\u00fcrgern zur Verf\u00fcgung stellen<\/a>. Die Fragefrequenz dort ist \u00fcberschaubar, die Fragen werden vorab moderiert und alle Dinge, die den anderen Antr\u00e4gen &#8222;zur Last gelegt&#8220; wurden, sind dort nicht vorhanden. Und es ist nat\u00fcrlich definitiv etwas ganz anderes, auf so einer Plattform zu antworten, als &#8222;im stillen K\u00e4mmerlein&#8220; \u00fcber eine Mail kontaktiert zu werden.<\/p>\n<p>Der Zeitpunkt kurz vor der Kommunalwahl ist ebenfalls sinnvoll und g\u00fcnstig. Ich hoffe, auf Zustimmung.<\/p>\n","protected":false},"excerpt":{"rendered":"<p>Bei uns im Rat ist man zur letzten Ratsperiode angetreten und hat sich unter anderem Transparenz und den gl\u00e4sernen Rat auf die Fahnen geschrieben &#8211; wenn ich die Reden von damals noch richtig im Kopf habe. Seitdem haben wir das &hellip;<\/p>\n<p class=\"read-more\"> <a class=\"more-link\" href=\"https:\/\/www.andreas-edler.de\/blog\/2013\/11\/abgeordnetenwatch-de\/\"> <span class=\"screen-reader-text\">abgeordnetenwatch.de<\/span> Weiterlesen &raquo;<\/a><\/p>\n","protected":false},"author":1,"featured_media":0,"comment_status":"open","ping_status":"open","sticky":false,"template":"","format":"standard","meta":{"ngg_post_thumbnail":0,"activitypub_content_warning":"","activitypub_content_visibility":"","activitypub_max_image_attachments":2,"activitypub_interaction_policy_quote":"anyone","activitypub_status":"","footnotes":""},"categories":[14,45],"tags":[75],"class_list":["post-21353","post","type-post","status-publish","format-standard","hentry","category-bad-oeynhausen","category-politik","tag-grun"],"share_on_mastodon":{"url":"","error":""},"_links":{"self":[{"href":"https:\/\/www.andreas-edler.de\/blog\/wp-json\/wp\/v2\/posts\/21353","targetHints":{"allow":["GET"]}}],"collection":[{"href":"https:\/\/www.andreas-edler.de\/blog\/wp-json\/wp\/v2\/posts"}],"about":[{"href":"https:\/\/www.andreas-edler.de\/blog\/wp-json\/wp\/v2\/types\/post"}],"author":[{"embeddable":true,"href":"https:\/\/www.andreas-edler.de\/blog\/wp-json\/wp\/v2\/users\/1"}],"replies":[{"embeddable":true,"href":"https:\/\/www.andreas-edler.de\/blog\/wp-json\/wp\/v2\/comments?post=21353"}],"version-history":[{"count":0,"href":"https:\/\/www.andreas-edler.de\/blog\/wp-json\/wp\/v2\/posts\/21353\/revisions"}],"wp:attachment":[{"href":"https:\/\/www.andreas-edler.de\/blog\/wp-json\/wp\/v2\/media?parent=21353"}],"wp:term":[{"taxonomy":"category","embeddable":true,"href":"https:\/\/www.andreas-edler.de\/blog\/wp-json\/wp\/v2\/categories?post=21353"},{"taxonomy":"post_tag","embeddable":true,"href":"https:\/\/www.andreas-edler.de\/blog\/wp-json\/wp\/v2\/tags?post=21353"}],"curies":[{"name":"wp","href":"https:\/\/api.w.org\/{rel}","templated":true}]}}