{"id":21231,"date":"2013-11-05T11:10:21","date_gmt":"2013-11-05T10:10:21","guid":{"rendered":"http:\/\/www.andreas-edler.de\/blog\/?p=21231"},"modified":"2013-11-05T11:27:27","modified_gmt":"2013-11-05T10:27:27","slug":"kirchenaustritte-2","status":"publish","type":"post","link":"https:\/\/www.andreas-edler.de\/blog\/2013\/11\/kirchenaustritte-2\/","title":{"rendered":"Kirchenaustritte"},"content":{"rendered":"<p>Ja, der Limburger Bischoff hat mit seiner Protzerei einiges an Porzellan zerschlagen. Sein Benehmen rund um diese Monstr\u00f6sit\u00e4t zeigt deutlich die Z\u00fcge einer Kirche, welche man als Kritiker der Organisation erwartet. Ich glaube (sigh!) aber wirklich, dass nicht alle in &#8222;der Kirche&#8220; so sind. Nun mehren sich die Austritte und Superintent Andreas Huneke macht unter anderem die Medien daf\u00fcr verantwortlich: <cite>NW vom 01.11.2014: <b><a href=\"http:\/\/www.nw-news.de\/owl\/kreis_minden_luebbecke\/bad_oeynhausen\/bad_oeynhausen\/9551688_Vom_Gotteshaus_direkt_ins_Amtsgericht.html\">Vom Gotteshaus direkt ins Amtsgericht<\/a><\/b><br \/>\n&#8230;  Der evangelische Geistliche vom Kirchenkreis Vlotho kritisiert die mangelhafte Differenzierung in der Berichterstattung. &#8222;Viele Menschen nehmen den Unterschied zwischen katholischer und evangelischer Kirche nicht wahr&#8220;, sagt Huneke &#8230;<\/cite> Das ist zu einfach gedacht und beleidigt diejenigen, welche der Kirche nun den R\u00fccken kehren.<!--more--> Herr Huneke spricht Ihnen ab, die Gr\u00fcnde f\u00fcr den Austritt genau \u00fcberlegt zu haben. Ich bin vor vielen Jahren bereits aus der Kirche ausgetreten und es waren weder Missbrauchsf\u00e4lle noch die Kirchensteuer, die mich zu diesem Schritt bewogen haben. Ein Schritt, den ich im \u00dcbrigen viele, viele Jahre \u00fcberlegt habe.<\/p>\n<p>Vielleicht ist es schwer vorstellbar, aber mag es auch ganz einfach sein, dass der eigentliche und einzig wahre Grund f\u00fcr den Verbleib in der Kirche weggefallen ist? Der Glaube an Gott? Wieviele Karteileichen mag es in den gro\u00dfen Religionsorganisationen geben? Wenn ich mir die Quantit\u00e4t der Besucher in den Gottesdiensten (zugegeben, sehr wenige werden von mir besucht) ansehe, dann k\u00f6nnen nicht mehr viele Gl\u00e4ubige da drau\u00dfen rumlaufen. Nat\u00fcrlich kann man glauben, ohne die Kirche zu besuchen, nat\u00fcrlich darf man dann auch in der Organisation verbleiben, aber ich habe damals gelernt, dass der Gottesdienst nicht unwesentlich mit dem Glauben einhergeht. Mag inzwischen falsch sein, ein klein wenig l\u00e4sst es aber R\u00fcckschl\u00fcsse zu.<\/p>\n<p>Ich denke, dass die Limburger Geschichte tats\u00e4chlich bei vielen Leuten das Tr\u00f6pfchen war, welches den Austritt initiierte. Allerdings wird das bei den meisten nicht der alleinige Grund sein. Wahrscheinlich sehen die Menschen &#8211; auch \u00e4ltere &#8211; wirklich etwas klarer und lassen sich nicht mehr von Religion und G\u00f6tter-Glauben die Sinne vernebeln. Mein Vater hatte ein christliches Begr\u00e4bnis, er wollte aber ganz bewusst kein Kreuz und kein anderes christlich-religi\u00f6ses Symbol auf seinem Grabstein. Wir haben dar\u00fcber sehr oft geredet. Den letzten Schritt, den ich vor ein paar Jahren getan habe und den nun viele, viele andere auch tun, hat er nicht vollzogen.<\/p>\n<p>Herr Huneke liegt mit seiner Einsch\u00e4tzung v\u00f6llig daneben. Es ist nicht die &#8222;unklare Berichterstattung&#8220;, es ist der Glaube der fehlt. Limburg ist nur der Ansto\u00df, den Hintern hoch zu bekommen.<\/p>\n","protected":false},"excerpt":{"rendered":"<p>Ja, der Limburger Bischoff hat mit seiner Protzerei einiges an Porzellan zerschlagen. Sein Benehmen rund um diese Monstr\u00f6sit\u00e4t zeigt deutlich die Z\u00fcge einer Kirche, welche man als Kritiker der Organisation erwartet. Ich glaube (sigh!) aber wirklich, dass nicht alle in &hellip;<\/p>\n<p class=\"read-more\"> <a class=\"more-link\" href=\"https:\/\/www.andreas-edler.de\/blog\/2013\/11\/kirchenaustritte-2\/\"> <span class=\"screen-reader-text\">Kirchenaustritte<\/span> Weiterlesen &raquo;<\/a><\/p>\n","protected":false},"author":1,"featured_media":0,"comment_status":"open","ping_status":"open","sticky":false,"template":"","format":"standard","meta":{"ngg_post_thumbnail":0,"activitypub_content_warning":"","activitypub_content_visibility":"","activitypub_max_image_attachments":2,"activitypub_interaction_policy_quote":"anyone","activitypub_status":"","footnotes":""},"categories":[1],"tags":[74,19],"class_list":["post-21231","post","type-post","status-publish","format-standard","hentry","category-allgemein","tag-religion","tag-tagesgeschehen"],"share_on_mastodon":{"url":"","error":""},"_links":{"self":[{"href":"https:\/\/www.andreas-edler.de\/blog\/wp-json\/wp\/v2\/posts\/21231","targetHints":{"allow":["GET"]}}],"collection":[{"href":"https:\/\/www.andreas-edler.de\/blog\/wp-json\/wp\/v2\/posts"}],"about":[{"href":"https:\/\/www.andreas-edler.de\/blog\/wp-json\/wp\/v2\/types\/post"}],"author":[{"embeddable":true,"href":"https:\/\/www.andreas-edler.de\/blog\/wp-json\/wp\/v2\/users\/1"}],"replies":[{"embeddable":true,"href":"https:\/\/www.andreas-edler.de\/blog\/wp-json\/wp\/v2\/comments?post=21231"}],"version-history":[{"count":0,"href":"https:\/\/www.andreas-edler.de\/blog\/wp-json\/wp\/v2\/posts\/21231\/revisions"}],"wp:attachment":[{"href":"https:\/\/www.andreas-edler.de\/blog\/wp-json\/wp\/v2\/media?parent=21231"}],"wp:term":[{"taxonomy":"category","embeddable":true,"href":"https:\/\/www.andreas-edler.de\/blog\/wp-json\/wp\/v2\/categories?post=21231"},{"taxonomy":"post_tag","embeddable":true,"href":"https:\/\/www.andreas-edler.de\/blog\/wp-json\/wp\/v2\/tags?post=21231"}],"curies":[{"name":"wp","href":"https:\/\/api.w.org\/{rel}","templated":true}]}}