{"id":19874,"date":"2013-10-24T20:22:48","date_gmt":"2013-10-24T18:22:48","guid":{"rendered":"http:\/\/www.andreas-edler.de\/blog\/?p=19874"},"modified":"2013-10-24T20:28:35","modified_gmt":"2013-10-24T18:28:35","slug":"ach-jetzt-ploetzlich-ist-es-ein-lauschangriff","status":"publish","type":"post","link":"https:\/\/www.andreas-edler.de\/blog\/2013\/10\/ach-jetzt-ploetzlich-ist-es-ein-lauschangriff\/","title":{"rendered":"Ach, jetzt pl\u00f6tzlich ist es ein Lauschangriff?"},"content":{"rendered":"<p>Es ist zum Kotzen, wie verlogen und heuchlerisch unsere Bundesregierung ist und ganz offensichtlich auch sein wird. Von den eigenen B\u00fcrgern werden anlassunabh\u00e4ngig Daten zum Beispiel der Handynutzung gespeichert und wahllos ausgewertet. Man wird zu &#8222;freiwilligen&#8220; DNS-Proben gezwungen. Es ist v\u00f6llig in Ordnung, wenn die Amerikaner mit der NSA s\u00e4mtliche B\u00fcrger der Bundesrepublik ausspionieren &#8211; die Diskussion dar\u00fcber wird einfach als beendet erkl\u00e4rt. Aber wehe es ist das Handy der Kanzlerin betroffen.<!--more--><\/p>\n<p>Ganz ehrlich, ich frage nicht mehr f\u00fcr wie bescheuert die Regierung den B\u00fcrger h\u00e4lt, ich muss fragen wie bescheuert sie selbst ist. Bisher dachte ich, das s\u00e4\u00dfen intelligente Egomanen, die zusehen dass sie ihre Pfr\u00fcnde sichern. Nach der Emp\u00f6rung \u00fcber das vermeintliche Aussp\u00e4hen von Muttis Smartphone nehme ich das &#8222;intelligent&#8220; zur\u00fcck. <\/p>\n<p>Genauso schlimm &#8211; wenn nicht noch widerlicher &#8211; ist aber die Presse, die den gr\u00f6\u00dften Skandal der letzten Jahrzehnte, welcher durch Edward Snwoden aufgedeckt wurde, quasi unter den Tisch fallen lie\u00df. Sich aber anschickt massive Emp\u00f6rung zu verlautbaren, wenn die inhaltsleeren SMS von Angie an die Amerikaner gehen. Kann man das eigene Unverm\u00f6gen Journalismus zu praktizieren noch deutlicher nach drau\u00dfen schreien? <a href=\"http:\/\/netzexil.de\/2013\/10\/chefredaktionen-aller-zeitungen-und-sender-sollten-sich-schaemen\/\">Horst hat das nebenan sehr sch\u00f6n formuliert.<\/a> Ich habe in der letzten Zeit politisch wenig geschrieben, weil es alles so zerm\u00fcrbend ist, aber seit ich die Berichterstattung \u00fcber Muttigate lese, geht mir echt die Hutschnur hoch. <\/p>\n","protected":false},"excerpt":{"rendered":"<p>Es ist zum Kotzen, wie verlogen und heuchlerisch unsere Bundesregierung ist und ganz offensichtlich auch sein wird. Von den eigenen B\u00fcrgern werden anlassunabh\u00e4ngig Daten zum Beispiel der Handynutzung gespeichert und wahllos ausgewertet. Man wird zu &#8222;freiwilligen&#8220; DNS-Proben gezwungen. Es ist &hellip;<\/p>\n<p class=\"read-more\"> <a class=\"more-link\" href=\"https:\/\/www.andreas-edler.de\/blog\/2013\/10\/ach-jetzt-ploetzlich-ist-es-ein-lauschangriff\/\"> <span class=\"screen-reader-text\">Ach, jetzt pl\u00f6tzlich ist es ein Lauschangriff?<\/span> Weiterlesen &raquo;<\/a><\/p>\n","protected":false},"author":1,"featured_media":0,"comment_status":"open","ping_status":"open","sticky":false,"template":"","format":"standard","meta":{"ngg_post_thumbnail":0,"activitypub_content_warning":"","activitypub_content_visibility":"","activitypub_max_image_attachments":2,"activitypub_interaction_policy_quote":"anyone","activitypub_status":"","footnotes":""},"categories":[18,45],"tags":[81,124,54,34,66,134,76],"class_list":["post-19874","post","type-post","status-publish","format-standard","hentry","category-fraglich","category-politik","tag-81","tag-datensicherheit","tag-handy","tag-kommunikation","tag-mecker","tag-nsa","tag-sicherheit"],"share_on_mastodon":{"url":"","error":""},"_links":{"self":[{"href":"https:\/\/www.andreas-edler.de\/blog\/wp-json\/wp\/v2\/posts\/19874","targetHints":{"allow":["GET"]}}],"collection":[{"href":"https:\/\/www.andreas-edler.de\/blog\/wp-json\/wp\/v2\/posts"}],"about":[{"href":"https:\/\/www.andreas-edler.de\/blog\/wp-json\/wp\/v2\/types\/post"}],"author":[{"embeddable":true,"href":"https:\/\/www.andreas-edler.de\/blog\/wp-json\/wp\/v2\/users\/1"}],"replies":[{"embeddable":true,"href":"https:\/\/www.andreas-edler.de\/blog\/wp-json\/wp\/v2\/comments?post=19874"}],"version-history":[{"count":0,"href":"https:\/\/www.andreas-edler.de\/blog\/wp-json\/wp\/v2\/posts\/19874\/revisions"}],"wp:attachment":[{"href":"https:\/\/www.andreas-edler.de\/blog\/wp-json\/wp\/v2\/media?parent=19874"}],"wp:term":[{"taxonomy":"category","embeddable":true,"href":"https:\/\/www.andreas-edler.de\/blog\/wp-json\/wp\/v2\/categories?post=19874"},{"taxonomy":"post_tag","embeddable":true,"href":"https:\/\/www.andreas-edler.de\/blog\/wp-json\/wp\/v2\/tags?post=19874"}],"curies":[{"name":"wp","href":"https:\/\/api.w.org\/{rel}","templated":true}]}}