{"id":19860,"date":"2013-10-21T19:45:28","date_gmt":"2013-10-21T17:45:28","guid":{"rendered":"http:\/\/www.andreas-edler.de\/blog\/?p=19860"},"modified":"2013-10-21T19:45:28","modified_gmt":"2013-10-21T17:45:28","slug":"nils-im-schlafzimmer","status":"publish","type":"post","link":"https:\/\/www.andreas-edler.de\/blog\/2013\/10\/nils-im-schlafzimmer\/","title":{"rendered":"Nils im Schlafzimmer"},"content":{"rendered":"<p>Ich muss ja jetzt immer <a href=\"http:\/\/www.andreas-edler.de\/blog\/2013\/08\/kellerkind\/\" title=\"Kellerkind\">im Keller sitzen<\/a>, wenn ich am Rechner was machen will. Weil die Frau das aber auch ein bisschen doof findet, hat sie(!) darauf gedr\u00e4ngt, dass im Schlafzimmer ein Minischreibtisch installiert wird. Habe ich auch fix erledigt, nur daran sitzen war schlecht. Es mangelte an einem Stuhl. <\/p>\n<p style=\"text-align:center;font-size: smaller;\"><img decoding=\"async\" src=\"http:\/\/www.andreas-edler.de\/grafik\/blog_2013\/20131021_nils.jpg\" width=\"470\" border=\"0\" alt=\"\" title=\"\"><\/p>\n<p><!--more--> Vorhin bin ich dann &#8211; nachdem ich die heiligen Hallen des Arbeitgebers verlassen hatte &#8211; nach Bielefeld zum schwedischen Einrichtungshaus gefahren. Ich hatte vorher im Netz schon nach St\u00fchlen mit hoher Sitzfl\u00e4che geschaut und &#8222;Nils&#8220; schien da tats\u00e4chlich mit am gr\u00f6\u00dften zu sein. Zu Hause Regal und Board ausgedruckt und los. Nach etwas weniger als 1 1\/2 Stunden war ich mit den beiden Paketen wieder zu Hause. Und nun steht der Stuhl hier im Schlafzimmer und macht eine ganz gute Figur. Drin sitzen kann man auch ordentlich und deutlich bequemer, als auf dem K\u00fcchenklappstuhl, der bisher daf\u00fcr herhalten musste!<\/p>\n","protected":false},"excerpt":{"rendered":"<p>Ich muss ja jetzt immer im Keller sitzen, wenn ich am Rechner was machen will. Weil die Frau das aber auch ein bisschen doof findet, hat sie(!) darauf gedr\u00e4ngt, dass im Schlafzimmer ein Minischreibtisch installiert wird. Habe ich auch fix &hellip;<\/p>\n<p class=\"read-more\"> <a class=\"more-link\" href=\"https:\/\/www.andreas-edler.de\/blog\/2013\/10\/nils-im-schlafzimmer\/\"> <span class=\"screen-reader-text\">Nils im Schlafzimmer<\/span> Weiterlesen &raquo;<\/a><\/p>\n","protected":false},"author":1,"featured_media":0,"comment_status":"open","ping_status":"open","sticky":false,"template":"","format":"standard","meta":{"ngg_post_thumbnail":0,"activitypub_content_warning":"","activitypub_content_visibility":"","activitypub_max_image_attachments":2,"activitypub_interaction_policy_quote":"anyone","activitypub_status":"","footnotes":""},"categories":[22,1],"tags":[38,64],"class_list":["post-19860","post","type-post","status-publish","format-standard","hentry","category-basteln","category-allgemein","tag-haus","tag-konsum"],"share_on_mastodon":{"url":"","error":""},"_links":{"self":[{"href":"https:\/\/www.andreas-edler.de\/blog\/wp-json\/wp\/v2\/posts\/19860","targetHints":{"allow":["GET"]}}],"collection":[{"href":"https:\/\/www.andreas-edler.de\/blog\/wp-json\/wp\/v2\/posts"}],"about":[{"href":"https:\/\/www.andreas-edler.de\/blog\/wp-json\/wp\/v2\/types\/post"}],"author":[{"embeddable":true,"href":"https:\/\/www.andreas-edler.de\/blog\/wp-json\/wp\/v2\/users\/1"}],"replies":[{"embeddable":true,"href":"https:\/\/www.andreas-edler.de\/blog\/wp-json\/wp\/v2\/comments?post=19860"}],"version-history":[{"count":0,"href":"https:\/\/www.andreas-edler.de\/blog\/wp-json\/wp\/v2\/posts\/19860\/revisions"}],"wp:attachment":[{"href":"https:\/\/www.andreas-edler.de\/blog\/wp-json\/wp\/v2\/media?parent=19860"}],"wp:term":[{"taxonomy":"category","embeddable":true,"href":"https:\/\/www.andreas-edler.de\/blog\/wp-json\/wp\/v2\/categories?post=19860"},{"taxonomy":"post_tag","embeddable":true,"href":"https:\/\/www.andreas-edler.de\/blog\/wp-json\/wp\/v2\/tags?post=19860"}],"curies":[{"name":"wp","href":"https:\/\/api.w.org\/{rel}","templated":true}]}}