{"id":19806,"date":"2013-10-05T12:16:53","date_gmt":"2013-10-05T10:16:53","guid":{"rendered":"http:\/\/www.andreas-edler.de\/blog\/?p=19806"},"modified":"2013-10-05T12:16:53","modified_gmt":"2013-10-05T10:16:53","slug":"ktm-rad-nicht-mehr-zu-verkaufen","status":"publish","type":"post","link":"https:\/\/www.andreas-edler.de\/blog\/2013\/10\/ktm-rad-nicht-mehr-zu-verkaufen\/","title":{"rendered":"KTM-Rad &#8230; nicht mehr zu verkaufen"},"content":{"rendered":"<p>Irgendwann gegen Ende des letzten Jahrtausends haben wir f\u00fcr Alex ein sch\u00f6nes, blaues KTM-Damenrad bei Zweirad-Anton auf dem Kappenberg gekauft. Nexus-7-Gang-Schaltung, R\u00fccktritt, sehr aufrechte Sitzposition. Alles super. Das hat sie auch gerne gefahren, bis wir das alte Rad von meinem Onkel geerbt haben. Alu statt Stahl, Vorder- und Hinterradfederung, 24 G\u00e4nge statt 7 und alles etwas moderner. F\u00e4hrt noch superer und leichter als das olle Ding. Und das sollte weg. Einer Bekannten habe ich es lange angeboten, bis sie es dann heute morgen auch abholen wollte. <\/p>\n<p style=\"text-align:center;font-size: smaller;\"><img decoding=\"async\" src=\"http:\/\/www.andreas-edler.de\/grafik\/blog_2013\/20131005_ktm_alex_1.jpg\" width=\"470\" border=\"0\" alt=\"\" title=\"\"><\/p>\n<p><!--more--> Ich also um kurz nach 8 in den Schuppen und das Gef\u00e4hrt auf den Hof geschoben, Luft aufgepumpt, Bremsen getestet, paar Spinnweben entfernt. Wie ich so den Rahmen s\u00e4ubere, sehe ich auch, warum es goldrichtig war, Alex einen neuen fahrbaren Untersatz zu beschaffen: <\/p>\n<p style=\"text-align:center;font-size: smaller;\"><img decoding=\"async\" src=\"http:\/\/www.andreas-edler.de\/grafik\/blog_2013\/20131005_ktm_alex_2.jpg\" width=\"470\" border=\"0\" alt=\"\" title=\"\"><\/p>\n<p> Verdammmich! Das ist nicht witzig und h\u00e4tte ins Auge gehen k\u00f6nnen. An einen Weiterverkauf ist damit nat\u00fcrlich auch nicht mehr zu denken. Das geht auf den Schrott. Nachdem ich es ausgeschlachtet habe. Die Anbauteile inkl. Schaltung etc. sind alle noch wunderbar funktionsf\u00e4hig. Und die 28er Kunststoffschutzbleche kann man sicher immer mal gebrauchen. Alles einlagern! Nur der Rahmen ist Gammel!<\/p>\n","protected":false},"excerpt":{"rendered":"<p>Irgendwann gegen Ende des letzten Jahrtausends haben wir f\u00fcr Alex ein sch\u00f6nes, blaues KTM-Damenrad bei Zweirad-Anton auf dem Kappenberg gekauft. Nexus-7-Gang-Schaltung, R\u00fccktritt, sehr aufrechte Sitzposition. Alles super. Das hat sie auch gerne gefahren, bis wir das alte Rad von meinem &hellip;<\/p>\n<p class=\"read-more\"> <a class=\"more-link\" href=\"https:\/\/www.andreas-edler.de\/blog\/2013\/10\/ktm-rad-nicht-mehr-zu-verkaufen\/\"> <span class=\"screen-reader-text\">KTM-Rad &#8230; nicht mehr zu verkaufen<\/span> Weiterlesen &raquo;<\/a><\/p>\n","protected":false},"author":1,"featured_media":0,"comment_status":"open","ping_status":"open","sticky":false,"template":"","format":"standard","meta":{"ngg_post_thumbnail":0,"activitypub_content_warning":"","activitypub_content_visibility":"","activitypub_max_image_attachments":2,"activitypub_interaction_policy_quote":"anyone","activitypub_status":"","footnotes":""},"categories":[15],"tags":[64,46],"class_list":["post-19806","post","type-post","status-publish","format-standard","hentry","category-fahrrad","tag-konsum","tag-technik"],"share_on_mastodon":{"url":"","error":""},"_links":{"self":[{"href":"https:\/\/www.andreas-edler.de\/blog\/wp-json\/wp\/v2\/posts\/19806","targetHints":{"allow":["GET"]}}],"collection":[{"href":"https:\/\/www.andreas-edler.de\/blog\/wp-json\/wp\/v2\/posts"}],"about":[{"href":"https:\/\/www.andreas-edler.de\/blog\/wp-json\/wp\/v2\/types\/post"}],"author":[{"embeddable":true,"href":"https:\/\/www.andreas-edler.de\/blog\/wp-json\/wp\/v2\/users\/1"}],"replies":[{"embeddable":true,"href":"https:\/\/www.andreas-edler.de\/blog\/wp-json\/wp\/v2\/comments?post=19806"}],"version-history":[{"count":0,"href":"https:\/\/www.andreas-edler.de\/blog\/wp-json\/wp\/v2\/posts\/19806\/revisions"}],"wp:attachment":[{"href":"https:\/\/www.andreas-edler.de\/blog\/wp-json\/wp\/v2\/media?parent=19806"}],"wp:term":[{"taxonomy":"category","embeddable":true,"href":"https:\/\/www.andreas-edler.de\/blog\/wp-json\/wp\/v2\/categories?post=19806"},{"taxonomy":"post_tag","embeddable":true,"href":"https:\/\/www.andreas-edler.de\/blog\/wp-json\/wp\/v2\/tags?post=19806"}],"curies":[{"name":"wp","href":"https:\/\/api.w.org\/{rel}","templated":true}]}}