{"id":19739,"date":"2013-09-19T20:30:27","date_gmt":"2013-09-19T18:30:27","guid":{"rendered":"http:\/\/www.andreas-edler.de\/blog\/?p=19739"},"modified":"2013-09-19T20:34:15","modified_gmt":"2013-09-19T18:34:15","slug":"fahrradkontrollen-in-bad-oeynhausen","status":"publish","type":"post","link":"https:\/\/www.andreas-edler.de\/blog\/2013\/09\/fahrradkontrollen-in-bad-oeynhausen\/","title":{"rendered":"Fahrradkontrollen in Bad Oeynhausen"},"content":{"rendered":"<p>Mich nervt die Berichterstattung der Polizei immer mehr an. Ich kann die Leute wirklich nicht mehr Ernst nehmen. Eigentlich schade, wo die Truppe doch eigentlich zu meinem Schutz da sein sollte. Am Mittwoch wurden wegen der vielen Unf\u00e4lle mit Fahrradbeteiligung Kontrollen in Bad Oeynhausen durchgef\u00fchrt. Und nat\u00fcrlich wurden die Radfahrer kontrolliert, auch wenn die Polizei kurz und leise am Ende des Artikels schreibt: <cite>Polizei Mi-L\u00fc: <b><a href=\"http:\/\/www.presseportal.de\/polizeipresse\/pm\/43553\/2559886\/pol-mi-polizei-kontrollierte-schwerpunktmaessig-radfahrer\/rss\">Polizei kontrollierte schwerpunktm\u00e4\u00dfig Radfahrer <\/a><\/b><br \/>\n&#8230; Rund 40 Prozent der Verkehrsunf\u00e4lle wurden dabei durch die Radler selbst verursacht &#8230;<\/cite> Die weitaus meisten Unf\u00e4lle verursachen also nicht die Fahrradfahrer, sondern andere Verkehrsteilnehmer. Ganz klar, da muss man die kontrollieren, die \u00fcberhaupt gar nicht hauptverantwortlich f\u00fcr die Unf\u00e4lle sind.<!--more--> In den 40% sind \u00fcbrigens zwangsl\u00e4ufig auch die Eigenunf\u00e4lle enthalten, also diejenigen Unf\u00e4lle, bei denen ein Radler ganz allein in den Graben oder einen Zaun f\u00e4hrt &#8211; ohne Beteiligung Dritter. Die &#8222;Schuldquote&#8220; bei Unf\u00e4llen mit Beteiligung Dritter d\u00fcrfte also noch deutlich unter 40% liegen. <\/p>\n<p>Und wie schlimm es war, kann man auch sch\u00f6n herauslesen: <cite>&#8230; Bei \u00fcber 200 kontrollierten Fahrzeugen bzw. deren Fahrern stellten die Beamten zum Teil erhebliche Verst\u00f6\u00dfe fest &#8230; Bei insgesamt 5 Fahrzeugen waren Beleuchtungsm\u00e4ngel zu beklagen &#8230;<\/cite> Fast alle Fahrradfahrer sind ohne Licht unterwegs wird in Leserbriefen, Foren und am Stammtisch getr\u00f6tet. Tats\u00e4chlich scheint eine Quote von unter 2,5% defekter Beleuchtungen eher auf das Gegenteil hinzudeuten. Das deckt sich im \u00fcbrigen mit meinen Beobachtungen.<\/p>\n<p>Vorbehaltlos unterst\u00fctzen kann ich dagegen das Herauswinken der d\u00e4mlichen Geisterfahrer. Das ist wirklich gef\u00e4hrlich, \u00e4rgerlich und nervig. <cite>Verst\u00f6\u00dfe der Zweiradfahrer waren im wesentlichen das Benutzen der Radwege in unzul\u00e4ssiger Richtung, falsches Verhalten gegen\u00fcber Fu\u00dfg\u00e4ngern sowie Vorfahrtsverletzungen. <\/cite> Dass auch in Bad Oeynhausen die linksseitige Benutzung von Radwegen unverst\u00e4ndlicherweise immer noch an einigen Hauptstrecken vorgeschrieben ist, wird verschwiegen. Die Polizei scheint nicht gerne dar\u00fcber zu reden, auf meine Anfrage von Anfang Juni habe ich jedenfalls noch keine Antwort bekommen &#8211; darum habe ich heute morgen noch einmal nachgefragt.<\/p>\n<p>Ich bin heute morgen beim Rechtsabbiegen von der Steinstra\u00dfe in die K\u00f6nigstra\u00dfe beinahe von einem Autofahrer umgefahren worden, der nicht darauf geachtet hat, was um ihn herum passiert. Auf dem R\u00fcckweg hat mir an der Breitenbachstra\u00dfe wie \u00fcblich ein Autofahrer die Vorfahrt genommen und obwohl ich auf der Fahrbahn nicht weiter kam, zirkelte ein Van-Fahrer um mich herum und bockte sein Vehikel dabei noch ab. Auf dem Radweg an der Eidinghausener Stra\u00dfe ist dann ein Autofahrer unvermittelt vor mir rechts abgebogen &#8230; ich konnte aber noch bremsen. Im D\u00f6rgen kannte eine Frau kurze Zeit sp\u00e4ter weder ihren Tacho, noch schien sie je etwas von Mindestabstand beim \u00dcberholen geh\u00f6rt haben. Um all diese Dinge k\u00fcmmert sich die Polizei im Zusammenhang mit Fahrradunf\u00e4llen <strong>exakt genau gar nicht<\/strong>!<\/p>\n<p>L\u00e4cherlicherweise wird wieder der Helm als Heilsbringer propagiert: <cite>Doch auch Positives gibt es zu berichten: Im Rahmen ihrer Kontrollen trafen die Beamten auf \u00fcber 60 Tr\u00e4ger von Fahrradsturzhelmen. Hier lernen offensichtlich auch viele Erwachsene von ihren Kindern, dass im Falle eines Unfalles der Helm lebensrettend sein kann. <\/cite> In keinem der Situationen heute, h\u00e4tte ein Helm die Gef\u00e4hrdung gemindert. Liebe Polizei, \u00fcberlegt doch einfach mal, was ihr tats\u00e4chlich zur Sicherung des Radverkehrs machen k\u00f6nnt. Aus den selbst gelieferten Zahlen geht doch deutlich hervor, dass die Probleme zum Gro\u00dfteil woanders liegen. Warum wird dort nicht angesetzt? Ich werde mit jedem solcher Presseberichte \u00e4rgerlicher! Ernst nehmen kann ich das leider nicht mehr.<\/p>\n","protected":false},"excerpt":{"rendered":"<p>Mich nervt die Berichterstattung der Polizei immer mehr an. Ich kann die Leute wirklich nicht mehr Ernst nehmen. Eigentlich schade, wo die Truppe doch eigentlich zu meinem Schutz da sein sollte. Am Mittwoch wurden wegen der vielen Unf\u00e4lle mit Fahrradbeteiligung &hellip;<\/p>\n<p class=\"read-more\"> <a class=\"more-link\" href=\"https:\/\/www.andreas-edler.de\/blog\/2013\/09\/fahrradkontrollen-in-bad-oeynhausen\/\"> <span class=\"screen-reader-text\">Fahrradkontrollen in Bad Oeynhausen<\/span> Weiterlesen &raquo;<\/a><\/p>\n","protected":false},"author":1,"featured_media":0,"comment_status":"open","ping_status":"open","sticky":false,"template":"","format":"standard","meta":{"ngg_post_thumbnail":0,"activitypub_content_warning":"","activitypub_content_visibility":"","activitypub_max_image_attachments":2,"activitypub_interaction_policy_quote":"anyone","activitypub_status":"","footnotes":""},"categories":[14,15,13],"tags":[34,127,71,76],"class_list":["post-19739","post","type-post","status-publish","format-standard","hentry","category-bad-oeynhausen","category-fahrrad","category-verkehr","tag-kommunikation","tag-polizei","tag-regeln","tag-sicherheit"],"share_on_mastodon":{"url":"","error":""},"_links":{"self":[{"href":"https:\/\/www.andreas-edler.de\/blog\/wp-json\/wp\/v2\/posts\/19739","targetHints":{"allow":["GET"]}}],"collection":[{"href":"https:\/\/www.andreas-edler.de\/blog\/wp-json\/wp\/v2\/posts"}],"about":[{"href":"https:\/\/www.andreas-edler.de\/blog\/wp-json\/wp\/v2\/types\/post"}],"author":[{"embeddable":true,"href":"https:\/\/www.andreas-edler.de\/blog\/wp-json\/wp\/v2\/users\/1"}],"replies":[{"embeddable":true,"href":"https:\/\/www.andreas-edler.de\/blog\/wp-json\/wp\/v2\/comments?post=19739"}],"version-history":[{"count":0,"href":"https:\/\/www.andreas-edler.de\/blog\/wp-json\/wp\/v2\/posts\/19739\/revisions"}],"wp:attachment":[{"href":"https:\/\/www.andreas-edler.de\/blog\/wp-json\/wp\/v2\/media?parent=19739"}],"wp:term":[{"taxonomy":"category","embeddable":true,"href":"https:\/\/www.andreas-edler.de\/blog\/wp-json\/wp\/v2\/categories?post=19739"},{"taxonomy":"post_tag","embeddable":true,"href":"https:\/\/www.andreas-edler.de\/blog\/wp-json\/wp\/v2\/tags?post=19739"}],"curies":[{"name":"wp","href":"https:\/\/api.w.org\/{rel}","templated":true}]}}