{"id":19715,"date":"2013-09-11T22:30:40","date_gmt":"2013-09-11T20:30:40","guid":{"rendered":"http:\/\/www.andreas-edler.de\/blog\/?p=19715"},"modified":"2026-04-29T13:49:01","modified_gmt":"2026-04-29T11:49:01","slug":"kellerupgrade-beamer-plus-leinwand-plus-licht","status":"publish","type":"post","link":"https:\/\/www.andreas-edler.de\/blog\/2013\/09\/kellerupgrade-beamer-plus-leinwand-plus-licht\/","title":{"rendered":"Kellerupgrade: Beamer plus Leinwand plus Licht"},"content":{"rendered":"<p>Wenn ich schon mal am W\u00fchlen bin, dann auch richtig. Aufschieben bringt nichts, sp\u00e4ter setzt man die Pl\u00e4ne sowieso nicht um. Nachdem also die Elektronik im neuen Arbeitszimmer l\u00e4uft, die Regale mit Vorh\u00e4ngen versehen sind und der Gammel leidlich aufger\u00e4umt wurde, habe ich mit dem rumliegenden Spielzeug weiter gemacht. <\/p>\n<p style=\"text-align:center;font-size: smaller;\"><img decoding=\"async\" src=\"http:\/\/www.andreas-edler.de\/grafik\/blog_2013\/20130911_beamer.jpg\" width=\"470\" border=\"0\" alt=\"\" title=\"\"><\/p>\n<p><!--more--> Der <a href=\"http:\/\/www.andreas-edler.de\/blog\/2003\/01\/panasonic-pt-ae-100e-2\/\" title=\"Panasonic PT AE 100E\">Panasonic PT AE 100E<\/a> hing schon mal im Wohnzimmer an der Decke, aber seitdem wir den gro\u00dfen <a href=\"http:\/\/www.andreas-edler.de\/blog\/2009\/06\/size-does-matter\/\" title=\"Size does matter\">Philips LCD<\/a> im Zimmer haben, ist er abgebaut und lag im Keller im Regal. Ich hatte mir irgendwann auch mal einen Halter gekauft, welcher aber ebenfalls im Keller verpackt auf den Sperrm\u00fcll wartete. Warum nicht beides zusammen f\u00fcgen und bestimmungsgem\u00e4\u00df benutzen? Das Bild auf dem wei\u00df gestrichenen Mauerwerk sah jedoch nicht sooo gut aus. Die Fugen sind zu gro\u00df und werfen dekorative Schatten. Also eine Leinwand. Gedacht hatte ich an einen der IKEA-Vorh\u00e4nge, den ich nicht f\u00fcr das Regal verwendet hatte &#8211; unter anderem weil mir einer der Klipse beim Einbauversuch zerbrochen ist. Wollte die sch\u00f6n mattwei\u00dfe Plane auf einen Rahmen spannen. Wie ich aber so im Toom-Baumarkt st\u00f6bere, kommt mir ein besserer Gedanke: warum nicht gleich eine passend gro\u00dfe Platte kaufen, die auf einer Seite wei\u00df ist? Im Zuschnitt bekam ich dann auch eine Platte 5mm HDF mit wei\u00dfer Beschichtung. Zusammen mit ein paar gehobelten Latten und etwas von meinem Lieblingsmontagekleber habe ich die letzten beiden Abende ein bisschen was zusammengeflanscht. <\/p>\n<p style=\"text-align:center;font-size: smaller;\"><img decoding=\"async\" src=\"http:\/\/www.andreas-edler.de\/grafik\/blog_2013\/20130911_leinwand_1.jpg\" width=\"470\" border=\"0\" alt=\"\" title=\"\"><\/p>\n<p> Und weil ich so in Fahrt war, habe ich noch gleich ein weiteres Gimmick gekauft, dass ich heute nachmittag an den Rahmen geschraubt habe. Dann noch zwei Haken, 4 Winkel, 2 D\u00fcbel und zwei Schrauben, ein Wasserwaage, einen Staubsauger und einen Schlagbohrer &#8230; und eine Frau, die die L\u00f6cher anzeichnet, w\u00e4hrend ich die Konstruktion am Beamerbild ausgerichtet an die Wand gedr\u00fcckt habe. Das Ergebnis hat mich nach einem Druck auf &#8222;on&#8220; ziemlich \u00fcberrascht! Ich bin ein ganz klein bisschen begeistert :-) Sehr sch\u00f6n. <\/p>\n<p style=\"text-align:center;font-size: smaller;\"><img decoding=\"async\" src=\"http:\/\/www.andreas-edler.de\/grafik\/blog_2013\/20130911_leinwand_2.jpg\" width=\"470\" border=\"0\" alt=\"\" title=\"\"><\/p>\n<p> Der Ton kommt &#8222;nur&#8220; aus meinen beiden alten Partylautsprechern, die vom alten Yamaha AX 570 angetrieben werden. Und ja, der Panasonic hat nur eine sehr m\u00e4\u00dfige Aufl\u00f6sung, man kann die Pixel ein bisschen erkennen. Aber ich kriege das Grinsen nicht aus dem Gesicht, wenn ich in den bequemen Liegest\u00fchlen sitze und auf das riesige Bild gucke! *g* F\u00fcr ein Arbeitszimmer im Keller ganz ordentlich.<\/p>\n","protected":false},"excerpt":{"rendered":"<p>Wenn ich schon mal am W\u00fchlen bin, dann auch richtig. Aufschieben bringt nichts, sp\u00e4ter setzt man die Pl\u00e4ne sowieso nicht um. Nachdem also die Elektronik im neuen Arbeitszimmer l\u00e4uft, die Regale mit Vorh\u00e4ngen versehen sind und der Gammel leidlich aufger\u00e4umt &hellip;<\/p>\n<p class=\"read-more\"> <a class=\"more-link\" href=\"https:\/\/www.andreas-edler.de\/blog\/2013\/09\/kellerupgrade-beamer-plus-leinwand-plus-licht\/\"> <span class=\"screen-reader-text\">Kellerupgrade: Beamer plus Leinwand plus Licht<\/span> Weiterlesen &raquo;<\/a><\/p>\n","protected":false},"author":1,"featured_media":0,"comment_status":"open","ping_status":"open","sticky":false,"template":"","format":"standard","meta":{"ngg_post_thumbnail":0,"activitypub_content_warning":"","activitypub_content_visibility":"local","activitypub_max_image_attachments":2,"activitypub_interaction_policy_quote":"anyone","activitypub_status":"","footnotes":""},"categories":[22],"tags":[11,49,95,169,9,46],"class_list":["post-19715","post","type-post","status-publish","format-standard","hentry","category-basteln","tag-film","tag-hardware","tag-heimkino","tag-kellerkind","tag-kino","tag-technik"],"share_on_mastodon":{"url":"","error":""},"_links":{"self":[{"href":"https:\/\/www.andreas-edler.de\/blog\/wp-json\/wp\/v2\/posts\/19715","targetHints":{"allow":["GET"]}}],"collection":[{"href":"https:\/\/www.andreas-edler.de\/blog\/wp-json\/wp\/v2\/posts"}],"about":[{"href":"https:\/\/www.andreas-edler.de\/blog\/wp-json\/wp\/v2\/types\/post"}],"author":[{"embeddable":true,"href":"https:\/\/www.andreas-edler.de\/blog\/wp-json\/wp\/v2\/users\/1"}],"replies":[{"embeddable":true,"href":"https:\/\/www.andreas-edler.de\/blog\/wp-json\/wp\/v2\/comments?post=19715"}],"version-history":[{"count":1,"href":"https:\/\/www.andreas-edler.de\/blog\/wp-json\/wp\/v2\/posts\/19715\/revisions"}],"predecessor-version":[{"id":174869,"href":"https:\/\/www.andreas-edler.de\/blog\/wp-json\/wp\/v2\/posts\/19715\/revisions\/174869"}],"wp:attachment":[{"href":"https:\/\/www.andreas-edler.de\/blog\/wp-json\/wp\/v2\/media?parent=19715"}],"wp:term":[{"taxonomy":"category","embeddable":true,"href":"https:\/\/www.andreas-edler.de\/blog\/wp-json\/wp\/v2\/categories?post=19715"},{"taxonomy":"post_tag","embeddable":true,"href":"https:\/\/www.andreas-edler.de\/blog\/wp-json\/wp\/v2\/tags?post=19715"}],"curies":[{"name":"wp","href":"https:\/\/api.w.org\/{rel}","templated":true}]}}