{"id":19629,"date":"2013-08-19T15:15:35","date_gmt":"2013-08-19T13:15:35","guid":{"rendered":"http:\/\/www.andreas-edler.de\/blog\/?p=19629"},"modified":"2013-08-19T15:15:35","modified_gmt":"2013-08-19T13:15:35","slug":"das-auch-heimliche-aufspueren-und-verknuepfen-personenbezogener-daten-ist-inhalt-aller-persoenlichen-freiheit","status":"publish","type":"post","link":"https:\/\/www.andreas-edler.de\/blog\/2013\/08\/das-auch-heimliche-aufspueren-und-verknuepfen-personenbezogener-daten-ist-inhalt-aller-persoenlichen-freiheit\/","title":{"rendered":"&#8230; das auch heimliche Aufsp\u00fcren und Verkn\u00fcpfen personenbezogener Daten, ist Inhalt aller pers\u00f6nlichen Freiheit."},"content":{"rendered":"<p>Wahrscheinlich bin ich mit meinen 42 Jahren einfach zu jung, um zu verstehen, was der 24 Jahre \u00e4ltere Thomas Giesen &#8211; ehemaliger s\u00e4chsischer Datenschutzbeauftragter &#8211; mit <a href=\"http:\/\/www.sueddeutsche.de\/digital\/privatsphaere-im-internet-verwirrte-traeume-von-unkontrollierter-freiheit-1.1749174\">seinem Aufsatz<\/a> sagen m\u00f6chte. Es sind einige richtige Dinge enthalten, aber auch genauso viele, bei denen sich mir die Nackenhaare str\u00e4uben. Verdachtsunabh\u00e4ngige Komplett\u00fcberwachung um um Urheber- und Verwertungsrechte zu sichern? <cite>s\u00fcddeutsche.de: <b><a href=\"http:\/\/www.sueddeutsche.de\/digital\/privatsphaere-im-internet-verwirrte-traeume-von-unkontrollierter-freiheit-1.1749174\">Verwirrte Tr\u00e4ume von unkontrollierter Freiheit<\/a><\/b><br \/>\n&#8230; Im Informationszeitalter w\u00e4re es eine unertr\u00e4gliche Knebelung, wenn man von Privaten und Unternehmen verlangt, dass sie sich jede Datenverarbeitung von den Betroffenen genehmigen lassen &#8230;<\/cite> Und damit ist schon die Erstellung von Datenbanken auch aus schwer zug\u00e4nglichen und versteckten Quellen gemeint. Wie kann man als Datensch\u00fctzer eine solche Ansicht publizieren und muss ich mir angesichts solcher Menschen an Schaltstellen von Datenschutz und Informationssicherheit nicht gro\u00dfe Sorgen machen?<\/p>\n","protected":false},"excerpt":{"rendered":"<p>Wahrscheinlich bin ich mit meinen 42 Jahren einfach zu jung, um zu verstehen, was der 24 Jahre \u00e4ltere Thomas Giesen &#8211; ehemaliger s\u00e4chsischer Datenschutzbeauftragter &#8211; mit seinem Aufsatz sagen m\u00f6chte. Es sind einige richtige Dinge enthalten, aber auch genauso viele, &hellip;<\/p>\n<p class=\"read-more\"> <a class=\"more-link\" href=\"https:\/\/www.andreas-edler.de\/blog\/2013\/08\/das-auch-heimliche-aufspueren-und-verknuepfen-personenbezogener-daten-ist-inhalt-aller-persoenlichen-freiheit\/\"> <span class=\"screen-reader-text\">&#8230; das auch heimliche Aufsp\u00fcren und Verkn\u00fcpfen personenbezogener Daten, ist Inhalt aller pers\u00f6nlichen Freiheit.<\/span> Weiterlesen &raquo;<\/a><\/p>\n","protected":false},"author":1,"featured_media":0,"comment_status":"open","ping_status":"open","sticky":false,"template":"","format":"standard","meta":{"ngg_post_thumbnail":0,"activitypub_content_warning":"","activitypub_content_visibility":"","activitypub_max_image_attachments":2,"activitypub_interaction_policy_quote":"anyone","activitypub_status":"","footnotes":""},"categories":[18,45],"tags":[81,24,124,34,123],"class_list":["post-19629","post","type-post","status-publish","format-standard","hentry","category-fraglich","category-politik","tag-81","tag-computer","tag-datensicherheit","tag-kommunikation","tag-prism"],"share_on_mastodon":{"url":"","error":""},"_links":{"self":[{"href":"https:\/\/www.andreas-edler.de\/blog\/wp-json\/wp\/v2\/posts\/19629","targetHints":{"allow":["GET"]}}],"collection":[{"href":"https:\/\/www.andreas-edler.de\/blog\/wp-json\/wp\/v2\/posts"}],"about":[{"href":"https:\/\/www.andreas-edler.de\/blog\/wp-json\/wp\/v2\/types\/post"}],"author":[{"embeddable":true,"href":"https:\/\/www.andreas-edler.de\/blog\/wp-json\/wp\/v2\/users\/1"}],"replies":[{"embeddable":true,"href":"https:\/\/www.andreas-edler.de\/blog\/wp-json\/wp\/v2\/comments?post=19629"}],"version-history":[{"count":0,"href":"https:\/\/www.andreas-edler.de\/blog\/wp-json\/wp\/v2\/posts\/19629\/revisions"}],"wp:attachment":[{"href":"https:\/\/www.andreas-edler.de\/blog\/wp-json\/wp\/v2\/media?parent=19629"}],"wp:term":[{"taxonomy":"category","embeddable":true,"href":"https:\/\/www.andreas-edler.de\/blog\/wp-json\/wp\/v2\/categories?post=19629"},{"taxonomy":"post_tag","embeddable":true,"href":"https:\/\/www.andreas-edler.de\/blog\/wp-json\/wp\/v2\/tags?post=19629"}],"curies":[{"name":"wp","href":"https:\/\/api.w.org\/{rel}","templated":true}]}}