{"id":19626,"date":"2013-07-25T22:29:47","date_gmt":"2013-07-25T20:29:47","guid":{"rendered":"http:\/\/www.andreas-edler.de\/blog\/?p=19626"},"modified":"2013-08-16T22:33:19","modified_gmt":"2013-08-16T20:33:19","slug":"aus-frust-aufgehoert","status":"publish","type":"post","link":"https:\/\/www.andreas-edler.de\/blog\/2013\/07\/aus-frust-aufgehoert\/","title":{"rendered":"Aus Frust aufgeh\u00f6rt"},"content":{"rendered":"<p>Ich bin ja nur ein kleiner Blogger, der ab und an mal einen Rant \u00fcber den Fahrradverkehr schreibt. Andere k\u00f6nnen das f\u00fcr mein Emfinden deutlich besser und sind deutlich engagierter. Gerne gelesen habe ich zum Beispiel immer den <a href=\"http:\/\/radlust.blogspot.com\/\">RadFrust und\/oder RadLust<\/a> aus dem Siegerland. Leider hat dort der Frust \u00fcberhand genommen und <a href=\"http:\/\/radlust.blogspot.com\/2013\/07\/ich-habe-keine-lust-mehr-schluss-mit_25.html\">das Handtuch wurde geschmissen<\/a>. Ich bedauere das sehr! <\/p>\n","protected":false},"excerpt":{"rendered":"<p>Ich bin ja nur ein kleiner Blogger, der ab und an mal einen Rant \u00fcber den Fahrradverkehr schreibt. Andere k\u00f6nnen das f\u00fcr mein Emfinden deutlich besser und sind deutlich engagierter. Gerne gelesen habe ich zum Beispiel immer den RadFrust und\/oder &hellip;<\/p>\n<p class=\"read-more\"> <a class=\"more-link\" href=\"https:\/\/www.andreas-edler.de\/blog\/2013\/07\/aus-frust-aufgehoert\/\"> <span class=\"screen-reader-text\">Aus Frust aufgeh\u00f6rt<\/span> Weiterlesen &raquo;<\/a><\/p>\n","protected":false},"author":1,"featured_media":0,"comment_status":"open","ping_status":"open","sticky":false,"template":"","format":"standard","meta":{"ngg_post_thumbnail":0,"activitypub_content_warning":"","activitypub_content_visibility":"","activitypub_max_image_attachments":2,"activitypub_interaction_policy_quote":"anyone","activitypub_status":"","footnotes":""},"categories":[15],"tags":[40,34],"class_list":["post-19626","post","type-post","status-publish","format-standard","hentry","category-fahrrad","tag-blogger","tag-kommunikation"],"share_on_mastodon":{"url":"","error":""},"_links":{"self":[{"href":"https:\/\/www.andreas-edler.de\/blog\/wp-json\/wp\/v2\/posts\/19626","targetHints":{"allow":["GET"]}}],"collection":[{"href":"https:\/\/www.andreas-edler.de\/blog\/wp-json\/wp\/v2\/posts"}],"about":[{"href":"https:\/\/www.andreas-edler.de\/blog\/wp-json\/wp\/v2\/types\/post"}],"author":[{"embeddable":true,"href":"https:\/\/www.andreas-edler.de\/blog\/wp-json\/wp\/v2\/users\/1"}],"replies":[{"embeddable":true,"href":"https:\/\/www.andreas-edler.de\/blog\/wp-json\/wp\/v2\/comments?post=19626"}],"version-history":[{"count":0,"href":"https:\/\/www.andreas-edler.de\/blog\/wp-json\/wp\/v2\/posts\/19626\/revisions"}],"wp:attachment":[{"href":"https:\/\/www.andreas-edler.de\/blog\/wp-json\/wp\/v2\/media?parent=19626"}],"wp:term":[{"taxonomy":"category","embeddable":true,"href":"https:\/\/www.andreas-edler.de\/blog\/wp-json\/wp\/v2\/categories?post=19626"},{"taxonomy":"post_tag","embeddable":true,"href":"https:\/\/www.andreas-edler.de\/blog\/wp-json\/wp\/v2\/tags?post=19626"}],"curies":[{"name":"wp","href":"https:\/\/api.w.org\/{rel}","templated":true}]}}