{"id":19623,"date":"2013-07-26T22:21:40","date_gmt":"2013-07-26T20:21:40","guid":{"rendered":"http:\/\/www.andreas-edler.de\/blog\/?p=19623"},"modified":"2013-08-16T22:26:43","modified_gmt":"2013-08-16T20:26:43","slug":"was-ist-eigentlich-mit-den-dna-proben","status":"publish","type":"post","link":"https:\/\/www.andreas-edler.de\/blog\/2013\/07\/was-ist-eigentlich-mit-den-dna-proben\/","title":{"rendered":"Was ist eigentlich mit den DNA-Proben?"},"content":{"rendered":"<p>Die Mordf\u00e4lle bleiben dann wohl ungekl\u00e4rt. Sehr \u00e4rgerlich und unbefriedigend. <cite>NW vom 26.07.2013: <b><a href=\"http:\/\/www.nw-news.de\/owl\/8936053_Mordfaelle_Nelli_Graf_und_Gabriele_Obst_Sonderkommissionen_werden_aufgeloest.html\"><\/a><\/b><br \/>\n&#8230; 6.600 Speichelproben wurden &#8230; entnommen &#8230; Ergebnis: negativ. 7.000 Spurenakten sind &#8230; zusammengetragen worden, in denen alle befragten Zeugen erfasst sind. Je ein Exemplar geht nun an die Staatsanwaltschaft, eines bleibt bei der Polizei. Kriminalhauptkommissar Ralf \u00d6stermann, Leiter der Sonderkommission, muss in den n\u00e4chsten Tagen all diese Akten archivieren und kontrollieren &#8230;<\/cite> Wie ist das zu verstehen? Was wird da archiviert? Die DNA unter Umst\u00e4nden auch? Das w\u00e4re mithin genau das, was ich hier schon immer vermutet habe &#8211; und von dem ich auch fest ausgehe. Wenn die Speichelproben irgendwann genommen wurden, dann sind die gespeichert. Niemand wird die vernichten. Glaubt noch jemand an den Weihnachtsmann?<\/p>\n","protected":false},"excerpt":{"rendered":"<p>Die Mordf\u00e4lle bleiben dann wohl ungekl\u00e4rt. Sehr \u00e4rgerlich und unbefriedigend. NW vom 26.07.2013: &#8230; 6.600 Speichelproben wurden &#8230; entnommen &#8230; Ergebnis: negativ. 7.000 Spurenakten sind &#8230; zusammengetragen worden, in denen alle befragten Zeugen erfasst sind. Je ein Exemplar geht nun &hellip;<\/p>\n<p class=\"read-more\"> <a class=\"more-link\" href=\"https:\/\/www.andreas-edler.de\/blog\/2013\/07\/was-ist-eigentlich-mit-den-dna-proben\/\"> <span class=\"screen-reader-text\">Was ist eigentlich mit den DNA-Proben?<\/span> Weiterlesen &raquo;<\/a><\/p>\n","protected":false},"author":1,"featured_media":0,"comment_status":"open","ping_status":"open","sticky":false,"template":"","format":"standard","meta":{"ngg_post_thumbnail":0,"activitypub_content_warning":"","activitypub_content_visibility":"","activitypub_max_image_attachments":2,"activitypub_interaction_policy_quote":"anyone","activitypub_status":"","footnotes":""},"categories":[18],"tags":[81,34],"class_list":["post-19623","post","type-post","status-publish","format-standard","hentry","category-fraglich","tag-81","tag-kommunikation"],"share_on_mastodon":{"url":"","error":""},"_links":{"self":[{"href":"https:\/\/www.andreas-edler.de\/blog\/wp-json\/wp\/v2\/posts\/19623","targetHints":{"allow":["GET"]}}],"collection":[{"href":"https:\/\/www.andreas-edler.de\/blog\/wp-json\/wp\/v2\/posts"}],"about":[{"href":"https:\/\/www.andreas-edler.de\/blog\/wp-json\/wp\/v2\/types\/post"}],"author":[{"embeddable":true,"href":"https:\/\/www.andreas-edler.de\/blog\/wp-json\/wp\/v2\/users\/1"}],"replies":[{"embeddable":true,"href":"https:\/\/www.andreas-edler.de\/blog\/wp-json\/wp\/v2\/comments?post=19623"}],"version-history":[{"count":0,"href":"https:\/\/www.andreas-edler.de\/blog\/wp-json\/wp\/v2\/posts\/19623\/revisions"}],"wp:attachment":[{"href":"https:\/\/www.andreas-edler.de\/blog\/wp-json\/wp\/v2\/media?parent=19623"}],"wp:term":[{"taxonomy":"category","embeddable":true,"href":"https:\/\/www.andreas-edler.de\/blog\/wp-json\/wp\/v2\/categories?post=19623"},{"taxonomy":"post_tag","embeddable":true,"href":"https:\/\/www.andreas-edler.de\/blog\/wp-json\/wp\/v2\/tags?post=19623"}],"curies":[{"name":"wp","href":"https:\/\/api.w.org\/{rel}","templated":true}]}}