{"id":18492,"date":"2013-07-14T17:45:52","date_gmt":"2013-07-14T15:45:52","guid":{"rendered":"http:\/\/www.andreas-edler.de\/blog\/?p=18492"},"modified":"2013-07-14T17:45:52","modified_gmt":"2013-07-14T15:45:52","slug":"arbeit-an-der-fahrradfreundlichkeit-in-bad-oeynhausen","status":"publish","type":"post","link":"https:\/\/www.andreas-edler.de\/blog\/2013\/07\/arbeit-an-der-fahrradfreundlichkeit-in-bad-oeynhausen\/","title":{"rendered":"Arbeit an der Fahrradfreundlichkeit in Bad Oeynhausen"},"content":{"rendered":"<p>F\u00fcr den Radtouren-Kalender des ADFC f\u00fcr das 2. Halbjahr 2013 habe ich einen Text geschrieben, den ich &#8211; nachdem der Tourenkalender nun ver\u00f6ffentlicht wurde &#8211; auch hier gerne pr\u00e4sentiere:<\/p>\n<hr>\n<p>In 2008 wurde in Bad Oeynhausen der \u201cRunde Tisch f\u00fcr eine fahrradfreundliche Stadt\u201d ins Leben gerufen. Alle Fraktionen aus dem Rat der Stadt Bad Oeynhausen waren bei der Initialveranstaltung anwesend &#8211; genauso wie Mitarbeiter der Verwaltung, Vertretung der Stadtwerke, der Polizei, interessierte B\u00fcrger und nicht zuletzt der ADFC. In der sehr ernsthaft und zielgerichtet gef\u00fchrten Diskussion wurden bereits viele Punkte, die Radfahren nach vorne bringen w\u00fcrde und die aktiven Radfahrern nicht fremd sein d\u00fcrften, erarbeitet und in Form einer B\u00fcrgerresolution festgeschrieben. <!--more--><\/p>\n<p>Knapp ein halbes Jahr sp\u00e4ter pr\u00e4sentierte die Stadt Bad Oeynhausen sogar einen Fahrradbeauftragten. Dieser k\u00fcmmerte sich zwar nicht in Vollzeit, aber immerhin mit der H\u00e4lfte der ihm zur Verf\u00fcgung stehenden Stunden um die Belange der Radler in der Kurstadt. Tats\u00e4chlich fanden nun auch mehrfach Arbeitskreise zu konkreten Themenbereichen des Fahrradverkehrs statt. Aus dem Runden Tisch rekrutierten sich die Teilnehmer und es fanden Exkursionen zu kritischen Vekehrstellen statt, wurden Alternativrouten zu den Hauptverkehrsadern erarbeitet, Fl\u00e4chen f\u00fcr f\u00fcr Fahrradabstellanlagen gesucht und gefunden und nicht zuletzt auch an einem Radroutenplan f\u00fcr die Stadt gebastelt.<\/p>\n<p>Diese Arbeitskreise trafen sich in 2009 einige Male und die aktiven B\u00fcrger und Ratsmitglieder waren wirklich sehr engagiert bei der Sache. Leider ist es dann nach September 2009 etwas eingeschlafen. Es gab zwar noch ein Treffen der Arbeitskreise, in dem aber nichts Neues mehr erarbeitet wurde. Die Unterst\u00fctzung der Poltik war zu diesem Zeitpunkt bereits praktisch eingeschlafen und in der Verwaltung schien nur der halbe Fahrradbeauftrage zumindest auf dem Papier noch an der \u201cFahrradfreundlichen Stadt\u201d zu arbeiten. Tats\u00e4chlich wurde Anfang 2010 noch einmal in einer letzten Sitzung die Fahrradstra\u00dfe auf den Weg gebracht und ein Antrag der Verwaltung f\u00fcr den Ausschuss f\u00fcr Stadtentwicklung vorbereitet. Dieser wurde dann bereits Ende September 2010 den Ausschussmitgliedern pr\u00e4sentiert, welche ihn dann auch wirklich abnickten.<\/p>\n<p>Zwischenzeitlich stand der Fahrradbeauftragte nicht mehr zur Verf\u00fcgung, die Stelle war vakant. Ansprechpartner in der Verwaltung reagierten langsam bis gar nicht und die Frustration der Arbeitskreismitglieder wuchs und wuchs und entlud sich teilweise auch in deutlichen Mails bzw. Anfragen in den entsprechenden Aussch\u00fcssen. Dieser Frust wurde allerdings immer ruhiger und verstummte schlie\u00dflich ganz. In 2011 gab es praktisch keine Aktivit\u00e4ten f\u00fcr Fahrradfreundlichkeit in Bad Oeynhausen. So fand denn auch die endg\u00fcltige Einrichtung der Fahrradstra\u00dfe Ende November 2011 &#8211; mehr als ein Jahr nach dem Beschlu\u00df &#8211; nur in zwei Artikeln der Lokalpresse ihren Niederschlag. Seitdem wird die Stra\u00dfe vom motorisierten Verkehr genauso genutzt wie vorher und nirgends wird auch die Besonderheiten hingewiesen. Schade, Stagnation und nirgends der Wille sichtbar, f\u00fcr den Radverkehr etwas zu tun.<\/p>\n<p>Dieser Zustand hat sich aber hoffentlich am 01. M\u00e4rz 2013 ge\u00e4ndert. Seitdem hat Bad Oeynhausen mit Linda Noack endlich wieder eine Fahrradbeauftragte, die noch dazu einen sehr engagierten Eindruck macht und bereits einige Kleinigkeiten in die Wege geleitet hat. Auch die<br \/>\nArbeit am geplanten Radschnellweg zwischen Bielefeld und Minden geh\u00f6rt zu ihrem Aufgabengebiet und wurde im Ausschuss f\u00fcr Stadtentwicklung mit \u00dcberzeugung vorgetragen, so dass den Ausschussmitgliedern die Bewilligung der Planungskosten leicht fiel.<\/p>\n<p>Es tut sich was in Bad Oeynhausen. Hoffentlich mit mehr Ausdauer als bei den bisherigen Anl\u00e4ufen!<\/p>\n","protected":false},"excerpt":{"rendered":"<p>F\u00fcr den Radtouren-Kalender des ADFC f\u00fcr das 2. Halbjahr 2013 habe ich einen Text geschrieben, den ich &#8211; nachdem der Tourenkalender nun ver\u00f6ffentlicht wurde &#8211; auch hier gerne pr\u00e4sentiere: In 2008 wurde in Bad Oeynhausen der \u201cRunde Tisch f\u00fcr eine &hellip;<\/p>\n<p class=\"read-more\"> <a class=\"more-link\" href=\"https:\/\/www.andreas-edler.de\/blog\/2013\/07\/arbeit-an-der-fahrradfreundlichkeit-in-bad-oeynhausen\/\"> <span class=\"screen-reader-text\">Arbeit an der Fahrradfreundlichkeit in Bad Oeynhausen<\/span> Weiterlesen &raquo;<\/a><\/p>\n","protected":false},"author":1,"featured_media":0,"comment_status":"open","ping_status":"open","sticky":false,"template":"","format":"standard","meta":{"ngg_post_thumbnail":0,"activitypub_content_warning":"","activitypub_content_visibility":"","activitypub_max_image_attachments":2,"activitypub_interaction_policy_quote":"anyone","activitypub_status":"","footnotes":""},"categories":[14,15,45],"tags":[109,110,77,72],"class_list":["post-18492","post","type-post","status-publish","format-standard","hentry","category-bad-oeynhausen","category-fahrrad","category-politik","tag-adfc","tag-fahrradfreundliche-stadt","tag-stadtrat","tag-verwaltung"],"share_on_mastodon":{"url":"","error":""},"_links":{"self":[{"href":"https:\/\/www.andreas-edler.de\/blog\/wp-json\/wp\/v2\/posts\/18492","targetHints":{"allow":["GET"]}}],"collection":[{"href":"https:\/\/www.andreas-edler.de\/blog\/wp-json\/wp\/v2\/posts"}],"about":[{"href":"https:\/\/www.andreas-edler.de\/blog\/wp-json\/wp\/v2\/types\/post"}],"author":[{"embeddable":true,"href":"https:\/\/www.andreas-edler.de\/blog\/wp-json\/wp\/v2\/users\/1"}],"replies":[{"embeddable":true,"href":"https:\/\/www.andreas-edler.de\/blog\/wp-json\/wp\/v2\/comments?post=18492"}],"version-history":[{"count":0,"href":"https:\/\/www.andreas-edler.de\/blog\/wp-json\/wp\/v2\/posts\/18492\/revisions"}],"wp:attachment":[{"href":"https:\/\/www.andreas-edler.de\/blog\/wp-json\/wp\/v2\/media?parent=18492"}],"wp:term":[{"taxonomy":"category","embeddable":true,"href":"https:\/\/www.andreas-edler.de\/blog\/wp-json\/wp\/v2\/categories?post=18492"},{"taxonomy":"post_tag","embeddable":true,"href":"https:\/\/www.andreas-edler.de\/blog\/wp-json\/wp\/v2\/tags?post=18492"}],"curies":[{"name":"wp","href":"https:\/\/api.w.org\/{rel}","templated":true}]}}