{"id":18352,"date":"2013-06-11T22:51:10","date_gmt":"2013-06-11T20:51:10","guid":{"rendered":"http:\/\/www.andreas-edler.de\/blog\/?p=18352"},"modified":"2013-06-11T22:51:10","modified_gmt":"2013-06-11T20:51:10","slug":"feierabendrunde-64","status":"publish","type":"post","link":"https:\/\/www.andreas-edler.de\/blog\/2013\/06\/feierabendrunde-64\/","title":{"rendered":"Feierabendrunde"},"content":{"rendered":"<p>Ich bin lust- und antriebslos. Schlecht gelaunt, traurig und unsicher was die Zukunft angeht. Und nein, ich erz\u00e4hle noch nicht, was los ist. Dachte ich aber 2011 w\u00e4re Schei\u00dfe, wurde ich 2012 eines besseren belehrt und 2013 schickt sich an, das alles noch zu toppen. Weil das Wetter aber heute so gut war, habe ich mich auf&#8217;s Rad gezwungen &#8211; nachdem ich einen wochenlang vor sich hin schlummernden Platten geflickt habe &#8211; und bin einmal an der Werre lang, um Tim vom Handball abzuholen. Danach bin ich dann noch hoch nach Oberbecksen zu meinen Eltern. \u00dcber die Eben\u00f6de &#8211; und ich sage etwas zufrieden, dass ich die ganze Zeit nicht das kleinste Kettenblatt vorne benutzt habe! Musste zwar ein paar Mal aus dem Sattel, konnte aber ohne Probleme den Berg hoch kurbeln. Wenigstens etwas.<\/p>\n<p>In Oberbecksen habe ich dann <a href=\"http:\/\/www.andreas-edler.de\/blog\/2013\/06\/grasarbeiter\/\" title=\"Grasarbeiter\">das Heu<\/a> gef\u00fchlt und im Gegensatz zum Rest der Familie war ich der Meinung, dass wir heute schon h\u00e4tten pressen k\u00f6nnen. Aber es schadet nicht, wenn es noch einen Tag liegt &#8230; nunja, es sei denn, es regnet. Morgen wollen wir die beiden kleinen Fl\u00e4chen dann auf den Heuboden packen. Das ist aber nur gut ein zwanzigstel der gro\u00dfen Wiese. Wenn der Agrarwetterbericht Recht beh\u00e4lt, m\u00e4he ich die am Samstag ab. Und dann muss es idealerweise eine Woche trocken bleiben.<\/p>\n<p>23,4 Km | 55 Km\/h max. | 19,3 Km\/h Schnitt | 289 H\u00f6henmeter<\/p>\n","protected":false},"excerpt":{"rendered":"<p>Ich bin lust- und antriebslos. Schlecht gelaunt, traurig und unsicher was die Zukunft angeht. Und nein, ich erz\u00e4hle noch nicht, was los ist. Dachte ich aber 2011 w\u00e4re Schei\u00dfe, wurde ich 2012 eines besseren belehrt und 2013 schickt sich an, &hellip;<\/p>\n<p class=\"read-more\"> <a class=\"more-link\" href=\"https:\/\/www.andreas-edler.de\/blog\/2013\/06\/feierabendrunde-64\/\"> <span class=\"screen-reader-text\">Feierabendrunde<\/span> Weiterlesen &raquo;<\/a><\/p>\n","protected":false},"author":1,"featured_media":0,"comment_status":"open","ping_status":"open","sticky":false,"template":"","format":"standard","meta":{"ngg_post_thumbnail":0,"activitypub_content_warning":"","activitypub_content_visibility":"","activitypub_max_image_attachments":2,"activitypub_interaction_policy_quote":"anyone","activitypub_status":"","footnotes":""},"categories":[1,15],"tags":[],"class_list":["post-18352","post","type-post","status-publish","format-standard","hentry","category-allgemein","category-fahrrad"],"share_on_mastodon":{"url":"","error":""},"_links":{"self":[{"href":"https:\/\/www.andreas-edler.de\/blog\/wp-json\/wp\/v2\/posts\/18352","targetHints":{"allow":["GET"]}}],"collection":[{"href":"https:\/\/www.andreas-edler.de\/blog\/wp-json\/wp\/v2\/posts"}],"about":[{"href":"https:\/\/www.andreas-edler.de\/blog\/wp-json\/wp\/v2\/types\/post"}],"author":[{"embeddable":true,"href":"https:\/\/www.andreas-edler.de\/blog\/wp-json\/wp\/v2\/users\/1"}],"replies":[{"embeddable":true,"href":"https:\/\/www.andreas-edler.de\/blog\/wp-json\/wp\/v2\/comments?post=18352"}],"version-history":[{"count":0,"href":"https:\/\/www.andreas-edler.de\/blog\/wp-json\/wp\/v2\/posts\/18352\/revisions"}],"wp:attachment":[{"href":"https:\/\/www.andreas-edler.de\/blog\/wp-json\/wp\/v2\/media?parent=18352"}],"wp:term":[{"taxonomy":"category","embeddable":true,"href":"https:\/\/www.andreas-edler.de\/blog\/wp-json\/wp\/v2\/categories?post=18352"},{"taxonomy":"post_tag","embeddable":true,"href":"https:\/\/www.andreas-edler.de\/blog\/wp-json\/wp\/v2\/tags?post=18352"}],"curies":[{"name":"wp","href":"https:\/\/api.w.org\/{rel}","templated":true}]}}