{"id":18342,"date":"2013-06-08T19:04:16","date_gmt":"2013-06-08T17:04:16","guid":{"rendered":"http:\/\/www.andreas-edler.de\/blog\/?p=18342"},"modified":"2013-06-08T19:06:03","modified_gmt":"2013-06-08T17:06:03","slug":"n-staender","status":"publish","type":"post","link":"https:\/\/www.andreas-edler.de\/blog\/2013\/06\/n-staender\/","title":{"rendered":"&#8217;n St\u00e4nder"},"content":{"rendered":"<p>Wenn wir eins am Rathaus wirklich nicht ben\u00f6tigen, dann ist das eine Abstellanlage f\u00fcr Fahrr\u00e4der. Ist doch v\u00f6llig ausreichend, wenn man die R\u00e4der einfach wild an der Wand lang parkt. Das man die dann nicht ordentlich abschlie\u00dfen kann &#8211; umso besser, sind sie schneller von Interessenten zu entfernen. <\/p>\n<p style=\"text-align:center;font-size: smaller;\"><img decoding=\"async\" src=\"http:\/\/www.andreas-edler.de\/grafik\/blog_2013\/20130608_fahrradstaender.jpg\" width=\"470\" border=\"0\" alt=\"\" title=\"\"><\/p>\n<p> Und falls doch jemand auf das schmale Brett kommt, Fahrradst\u00e4nder zu montieren, dann doch bitte hinten in der letzten Ecke zwischen den parkenden Autos. So dass man als Radfahrer auch wirklich den weitesten Weg zur Eingangst\u00fcr hat. Immerhin sind Fahrradfahrer doch sportlich und f\u00fchren den gesundheitlichen Aspekt an! Die sollen sich freuen, dass sie zum in die Pedale treten auch noch ein paar Schritte gehen d\u00fcrfen. Fahrradst\u00e4nder <b>vor<\/b> dem Rathaus, wer kommt auf so bekloppte Ideen?<\/p>\n<p>Und auch anderswo ist doch wohl offensichtlich kein weiterer Bedarf an Abstellanlagen. Die Leute finden schon einen Weg, um den Drahtesel irgendwo anzubinden. <\/p>\n<p style=\"text-align:center;font-size: smaller;\"><img decoding=\"async\" src=\"http:\/\/www.andreas-edler.de\/grafik\/blog_2013\/20130608_fahrradstaender_2.jpg\" width=\"470\" border=\"0\" alt=\"\" title=\"\"><\/p>\n<p> Im wilden Westen haben die Cowboys vor&#8217;m Saloon es auch nicht anders gemacht!<\/p>\n","protected":false},"excerpt":{"rendered":"<p>Wenn wir eins am Rathaus wirklich nicht ben\u00f6tigen, dann ist das eine Abstellanlage f\u00fcr Fahrr\u00e4der. Ist doch v\u00f6llig ausreichend, wenn man die R\u00e4der einfach wild an der Wand lang parkt. Das man die dann nicht ordentlich abschlie\u00dfen kann &#8211; umso &hellip;<\/p>\n<p class=\"read-more\"> <a class=\"more-link\" href=\"https:\/\/www.andreas-edler.de\/blog\/2013\/06\/n-staender\/\"> <span class=\"screen-reader-text\">&#8217;n St\u00e4nder<\/span> Weiterlesen &raquo;<\/a><\/p>\n","protected":false},"author":1,"featured_media":0,"comment_status":"open","ping_status":"open","sticky":false,"template":"","format":"standard","meta":{"ngg_post_thumbnail":0,"activitypub_content_warning":"","activitypub_content_visibility":"","activitypub_max_image_attachments":2,"activitypub_interaction_policy_quote":"anyone","activitypub_status":"","footnotes":""},"categories":[14,15,45],"tags":[51,77,72],"class_list":["post-18342","post","type-post","status-publish","format-standard","hentry","category-bad-oeynhausen","category-fahrrad","category-politik","tag-geld","tag-stadtrat","tag-verwaltung"],"share_on_mastodon":{"url":"","error":""},"_links":{"self":[{"href":"https:\/\/www.andreas-edler.de\/blog\/wp-json\/wp\/v2\/posts\/18342","targetHints":{"allow":["GET"]}}],"collection":[{"href":"https:\/\/www.andreas-edler.de\/blog\/wp-json\/wp\/v2\/posts"}],"about":[{"href":"https:\/\/www.andreas-edler.de\/blog\/wp-json\/wp\/v2\/types\/post"}],"author":[{"embeddable":true,"href":"https:\/\/www.andreas-edler.de\/blog\/wp-json\/wp\/v2\/users\/1"}],"replies":[{"embeddable":true,"href":"https:\/\/www.andreas-edler.de\/blog\/wp-json\/wp\/v2\/comments?post=18342"}],"version-history":[{"count":0,"href":"https:\/\/www.andreas-edler.de\/blog\/wp-json\/wp\/v2\/posts\/18342\/revisions"}],"wp:attachment":[{"href":"https:\/\/www.andreas-edler.de\/blog\/wp-json\/wp\/v2\/media?parent=18342"}],"wp:term":[{"taxonomy":"category","embeddable":true,"href":"https:\/\/www.andreas-edler.de\/blog\/wp-json\/wp\/v2\/categories?post=18342"},{"taxonomy":"post_tag","embeddable":true,"href":"https:\/\/www.andreas-edler.de\/blog\/wp-json\/wp\/v2\/tags?post=18342"}],"curies":[{"name":"wp","href":"https:\/\/api.w.org\/{rel}","templated":true}]}}