{"id":18332,"date":"2013-06-04T08:37:51","date_gmt":"2013-06-04T06:37:51","guid":{"rendered":"http:\/\/www.andreas-edler.de\/blog\/?p=18332"},"modified":"2013-06-04T23:07:24","modified_gmt":"2013-06-04T21:07:24","slug":"fahrradkontrollen-2","status":"publish","type":"post","link":"https:\/\/www.andreas-edler.de\/blog\/2013\/06\/fahrradkontrollen-2\/","title":{"rendered":"Fahrradkontrollen"},"content":{"rendered":"<p>Im Rahmen des sog. &#8222;Blitzermarathons&#8220;, bei dem die Polizei mit angek\u00fcndigten Geschwindigkeitskontrollen ein Feigenblatt \u00fcber die ansonsten m.M.n. viel zu lasche Ahndung von Tempoverst\u00f6\u00dfen legen will, wurden heute erstmalig auch Radfahrer kontrolliert. Wohl weniger auf Geschwindigkeit, denn auf andere ganz b\u00f6se Sachen. Wobei ich sehr daf\u00fcr bin, den Geisterfahrern mal geh\u00f6rig auf die F\u00fc\u00dfe zu treten. An der Eidinghausener Stra\u00dfe war jedoch niemand von den Freunden und Helfern zu sehen &#8211; ein bisschen entt\u00e4uscht war ich da schon.<\/p>\n<p>Daf\u00fcr staute es sich aber an der Kreuzung Stein- und Portastra\u00dfe auf dem \u00f6stlichen Geh-\/Radweg. Dort fahren die Sch\u00fcler morgens gerne entgegen der Fahrtrichtung die Steinstra\u00dfe hinauf. Warum kann ich nicht sagen, es bringt keinen Zeitvorteil.<\/p>\n<p>Jedenfalls stand an der Fu\u00dfg\u00e4ngerampel direkt vor dem Autoh\u00e4ndler auf der s\u00fcd\u00f6stlichen Ecke der Kreuzung ein Polizist und schickte die Sch\u00fcler bei gr\u00fcn auf die andeere Stra\u00dfenseite. Ansonsten war schieben angesagt. Genau das habe ich mir in der Vergangenheit gew\u00fcnscht! Mit dem Finger drohe und ermahnen bringt nichts. Nur erlebte Begebenheiten bringen einen Lerneffekt. Die Sch\u00fcler verlieren Zeit und riskieren beim n\u00e4chsten Mal hoffentlich nicht, wieder warten zu m\u00fcssen. Ja, ich wei\u00df, ich denke zu positiv.<\/p>\n","protected":false},"excerpt":{"rendered":"<p>Im Rahmen des sog. &#8222;Blitzermarathons&#8220;, bei dem die Polizei mit angek\u00fcndigten Geschwindigkeitskontrollen ein Feigenblatt \u00fcber die ansonsten m.M.n. viel zu lasche Ahndung von Tempoverst\u00f6\u00dfen legen will, wurden heute erstmalig auch Radfahrer kontrolliert. Wohl weniger auf Geschwindigkeit, denn auf andere ganz &hellip;<\/p>\n<p class=\"read-more\"> <a class=\"more-link\" href=\"https:\/\/www.andreas-edler.de\/blog\/2013\/06\/fahrradkontrollen-2\/\"> <span class=\"screen-reader-text\">Fahrradkontrollen<\/span> Weiterlesen &raquo;<\/a><\/p>\n","protected":false},"author":1,"featured_media":0,"comment_status":"open","ping_status":"open","sticky":false,"template":"","format":"standard","meta":{"ngg_post_thumbnail":0,"activitypub_content_warning":"","activitypub_content_visibility":"","activitypub_max_image_attachments":2,"activitypub_interaction_policy_quote":"anyone","activitypub_status":"","footnotes":""},"categories":[14,15,13],"tags":[71,76],"class_list":["post-18332","post","type-post","status-publish","format-standard","hentry","category-bad-oeynhausen","category-fahrrad","category-verkehr","tag-regeln","tag-sicherheit"],"share_on_mastodon":{"url":"","error":""},"_links":{"self":[{"href":"https:\/\/www.andreas-edler.de\/blog\/wp-json\/wp\/v2\/posts\/18332","targetHints":{"allow":["GET"]}}],"collection":[{"href":"https:\/\/www.andreas-edler.de\/blog\/wp-json\/wp\/v2\/posts"}],"about":[{"href":"https:\/\/www.andreas-edler.de\/blog\/wp-json\/wp\/v2\/types\/post"}],"author":[{"embeddable":true,"href":"https:\/\/www.andreas-edler.de\/blog\/wp-json\/wp\/v2\/users\/1"}],"replies":[{"embeddable":true,"href":"https:\/\/www.andreas-edler.de\/blog\/wp-json\/wp\/v2\/comments?post=18332"}],"version-history":[{"count":0,"href":"https:\/\/www.andreas-edler.de\/blog\/wp-json\/wp\/v2\/posts\/18332\/revisions"}],"wp:attachment":[{"href":"https:\/\/www.andreas-edler.de\/blog\/wp-json\/wp\/v2\/media?parent=18332"}],"wp:term":[{"taxonomy":"category","embeddable":true,"href":"https:\/\/www.andreas-edler.de\/blog\/wp-json\/wp\/v2\/categories?post=18332"},{"taxonomy":"post_tag","embeddable":true,"href":"https:\/\/www.andreas-edler.de\/blog\/wp-json\/wp\/v2\/tags?post=18332"}],"curies":[{"name":"wp","href":"https:\/\/api.w.org\/{rel}","templated":true}]}}