{"id":18159,"date":"2013-04-26T00:02:00","date_gmt":"2013-04-25T22:02:00","guid":{"rendered":"http:\/\/www.andreas-edler.de\/blog\/?p=18159"},"modified":"2013-04-26T07:41:15","modified_gmt":"2013-04-26T05:41:15","slug":"rote-karte-sollte-nur-appell-sein","status":"publish","type":"post","link":"https:\/\/www.andreas-edler.de\/blog\/2013\/04\/rote-karte-sollte-nur-appell-sein\/","title":{"rendered":"Rote Karte sollte nur Appell sein"},"content":{"rendered":"<p>Meine Seite wird in der Verwaltung gelesen :-) Und darum klingelte heute um kurz nach halb 9 bei uns zu Hause das Telefon &#8211; da war ich nat\u00fcrlich schon im B\u00fcro. Wir sind dann aber noch zusammen gekommen und haben ein angenehmes Gespr\u00e4ch zur Intention des <a href=\"http:\/\/www.andreas-edler.de\/blog\/2013\/04\/rot-fuer-fahrraeder\/\" title=\"Rot f\u00fcr Fahrr\u00e4der\">Artikels \u00fcber die falschparkenden Fahrradfahrer an der Rampe zum Bahnhofsvorplatz<\/a> gef\u00fchrt. Mir war vorher schon klar, wass die Verwaltung wollte. Meine Kritik ging ja auch eindeutig eher an den zeitlichen Zusammenhang mit der Radstation und der Au\u00dfenwirkung des &#8222;Rote Karten&#8220;-Artikels. Das bleibt auch so. Es war wirklich nur als freundliche Aufforderung an die Radfahrer gedacht, \u00fcber die Parksituation nachzudenken und auf die Bed\u00fcrfnisse der gehandicapten Mitb\u00fcrger R\u00fccksicht zu nehmen, f\u00fcr die die Rampe letztendlich auch gebaut wurde.<!--more--><\/p>\n<p>Ich hatte im Telefonat den Eindruck, dass man in der Verwaltung aber durchaus nachvollziehen konnte, dass die Artikel in der von der Lokalpresse gebrachten Form bei einigen Lesern eher den &#8222;R\u00fcpel-Radler&#8220; in den Fokus r\u00fcckten und nicht nur als freundlicher Appell verstanden w\u00fcrden. Die Farbe der Karten ist in dem Zusammenhang ungl\u00fccklich gew\u00e4hlt und eine Abstimmung innerhalb der Verwaltung bei solch einer Kommunikation ist sicher hilfreich. Immerhin haben wir jetzt eine Fahrradbeauftragte &#8211; warum wird die *vor* einer solchen Aktion nicht angesprochen, wo es doch ganz klar um Fahrr\u00e4der geht. Die h\u00e4tte dann sicher aus dem Stehgreif sagen k\u00f6nnen, dass die Schlie\u00dfanlage in der Radstation in der n\u00e4chsten Woche ausgetauscht werden soll und man den Artikel um eine Woche verschoben mit einem ganz anderen Tenor h\u00e4tte bringen k\u00f6nnen: &#8222;Seht her liebe Radfahrer, wir haben euch neue Stellpl\u00e4tze geschaffen, die viel besser sind, als die Rampe!&#8220;. Klingt besser, stellt die Stadt positiver dar und f\u00fchrt den Lesern vor Augen, dass der Fahrradverkehr einen wichtigen Stellenwert f\u00fcr die Stadt Bad Oeynhausen hat.<\/p>\n<p>H\u00e4tte, h\u00e4tte &#8230; Fahrradkette. Vielleicht klappt es in der Zukunft besser! Wie ich schon schrieb: ich finde das Parken auf der Rampe auch eher mittelgut, aber wohin sonst? Da gab&#8217;s halt nix.<\/p>\n","protected":false},"excerpt":{"rendered":"<p>Meine Seite wird in der Verwaltung gelesen :-) Und darum klingelte heute um kurz nach halb 9 bei uns zu Hause das Telefon &#8211; da war ich nat\u00fcrlich schon im B\u00fcro. Wir sind dann aber noch zusammen gekommen und haben &hellip;<\/p>\n<p class=\"read-more\"> <a class=\"more-link\" href=\"https:\/\/www.andreas-edler.de\/blog\/2013\/04\/rote-karte-sollte-nur-appell-sein\/\"> <span class=\"screen-reader-text\">Rote Karte sollte nur Appell sein<\/span> Weiterlesen &raquo;<\/a><\/p>\n","protected":false},"author":1,"featured_media":0,"comment_status":"open","ping_status":"open","sticky":false,"template":"","format":"standard","meta":{"ngg_post_thumbnail":0,"activitypub_content_warning":"","activitypub_content_visibility":"","activitypub_max_image_attachments":2,"activitypub_interaction_policy_quote":"anyone","activitypub_status":"","footnotes":""},"categories":[14,15],"tags":[34,33,72],"class_list":["post-18159","post","type-post","status-publish","format-standard","hentry","category-bad-oeynhausen","category-fahrrad","tag-kommunikation","tag-service","tag-verwaltung"],"share_on_mastodon":{"url":"","error":""},"_links":{"self":[{"href":"https:\/\/www.andreas-edler.de\/blog\/wp-json\/wp\/v2\/posts\/18159","targetHints":{"allow":["GET"]}}],"collection":[{"href":"https:\/\/www.andreas-edler.de\/blog\/wp-json\/wp\/v2\/posts"}],"about":[{"href":"https:\/\/www.andreas-edler.de\/blog\/wp-json\/wp\/v2\/types\/post"}],"author":[{"embeddable":true,"href":"https:\/\/www.andreas-edler.de\/blog\/wp-json\/wp\/v2\/users\/1"}],"replies":[{"embeddable":true,"href":"https:\/\/www.andreas-edler.de\/blog\/wp-json\/wp\/v2\/comments?post=18159"}],"version-history":[{"count":0,"href":"https:\/\/www.andreas-edler.de\/blog\/wp-json\/wp\/v2\/posts\/18159\/revisions"}],"wp:attachment":[{"href":"https:\/\/www.andreas-edler.de\/blog\/wp-json\/wp\/v2\/media?parent=18159"}],"wp:term":[{"taxonomy":"category","embeddable":true,"href":"https:\/\/www.andreas-edler.de\/blog\/wp-json\/wp\/v2\/categories?post=18159"},{"taxonomy":"post_tag","embeddable":true,"href":"https:\/\/www.andreas-edler.de\/blog\/wp-json\/wp\/v2\/tags?post=18159"}],"curies":[{"name":"wp","href":"https:\/\/api.w.org\/{rel}","templated":true}]}}