{"id":18139,"date":"2013-04-24T07:40:08","date_gmt":"2013-04-24T05:40:08","guid":{"rendered":"http:\/\/www.andreas-edler.de\/blog\/?p=18139"},"modified":"2013-04-25T19:30:03","modified_gmt":"2013-04-25T17:30:03","slug":"rot-fuer-fahrraeder","status":"publish","type":"post","link":"https:\/\/www.andreas-edler.de\/blog\/2013\/04\/rot-fuer-fahrraeder\/","title":{"rendered":"Rot f\u00fcr Fahrr\u00e4der"},"content":{"rendered":"<p>Seit Jahren ist im Rat und Ausschuss f\u00fcr Stadtentwicklung regelm\u00e4\u00dfig eine Frage auf dem Programm: wie geht man mit den &#8222;wild&#8220; am Bahnhof abgestellten Fahrr\u00e4dern um. Und seit einiger Zeit frage ich dann genauso regelm\u00e4\u00dfig, wann man gegen die dort wild parkenden Taxen und deren M\u00fcll auf dem Bahnhofsvorplatz etwas tut. Ja, es ist ungl\u00fccklich, diese Rampe zu zu parken. <cite>NW-News: <b><a href=\"http:\/\/www.nw-news.de\/owl\/kreis_minden_luebbecke\/bad_oeynhausen\/bad_oeynhausen\/8374259_Wink_mit_der_roten_Karte.html\">Ordnungsamt appelliert an Besitzer von am Bahnhof &#8222;wild geparkten&#8220; Fahrr\u00e4dern<\/a><\/b><br \/>\n&#8230; Anders als im Sport bedeutet diese rote Karte aber noch keinen Platzverweis f\u00fcr die R\u00e4der. &#8222;Wir wollen an das Verst\u00e4ndnis der Radbesitzer appellieren&#8220;, erl\u00e4utert Rinne &#8230;<\/cite> Genauso Schei\u00dfe ist es, wenn Autofahrer dies mit Geh- und Radwegen tun. Ich w\u00fcnsche mir, dass Herr Rinne vom Ordnungsamt mit exakt so einem Elan Artikel \u00fcber falsch parkende KFZ in die Presse bringt, wie er es nun mit den roten Karten f\u00fcr Fahrr\u00e4der bereits zum zweiten Mal getan hat. Wie w\u00e4re es mal den Platz vor der Deutschen Bank zu thematisieren? <\/p>\n<p style=\"text-align:center;font-size: smaller;\"><img decoding=\"async\" src=\"http:\/\/www.andreas-edler.de\/grafik\/blog_2013\/20130424_boese_zugeparkt.jpg\" width=\"470\" border=\"0\" alt=\"\" title=\"\"><br \/>Wirklich schlimme Sache, diese b\u00f6sen Radler!<\/p>\n<p><!--more--> Dass rote Karten wenig bringen, ist dem Ordnungsamt bewusst. Denn nicht umsonst erw\u00e4hnen sie, dass die rechtliche Situation ungekl\u00e4rt ist. Ich darf n\u00e4mlich mein Rad dort parken wo Platz ist &#8211; sogar auf einem Gehweg &#8211; richtigerweise nur dann, wenn ich damit niemanden behindere. Wie man auf dem Bild in der NW gut sieht, ist aber ausreichend Platz, dass sogar eine Elektrorollstuhl noch durchfahren kann!<\/p>\n<p>Der dickste Bolzen ist jedoch, dass die direkt daneben liegende Radstation seit <s>vielen, vielen Monaten<\/s> Jahren weniger als zur H\u00e4lfte ausgelastet ist, weil dort schlicht und ergreifend Karten f\u00fcr die T\u00fcr\u00f6ffnung fehlten. Laut Aussage der Radstation gibt es lange Warteliste, die wegen ein paar l\u00e4ppischen Plastikkarten nicht abgearbeitet werden k\u00f6nnen. Auch das ist der Verwaltung seit vielen, vielen Monaten bekannt und erst in j\u00fcngster Zeit wurde man aktiv und hat den Austausch der Schlie\u00dfanlage initiiert. Wenn man also dort gegen die &#8222;Falschparker&#8220; moniert, die wom\u00f6glich noch nicht einmal welche sind, dann ist das ein Problem, dass sich die Verwaltung in sch\u00f6nster Unt\u00e4tigkeit selbst geschaffen hat!<\/p>\n<p>Die Abstellanlagen am Bahnhof sind bereits in den Arbeitskreisen des &#8222;Runden Tisch f\u00fcr eine fahrradfreundliche Stadt&#8220; als Sofortma\u00dfnahme angeregt worden und dann offensichtlich ganz tief in eine Schublade gepackt worden. Wom\u00f6glich w\u00e4re ja sonst mal jemand dar\u00fcber gestolpert. Jetzt den Verkauf des Bahnhofsgel\u00e4ndes vorzuschieben ist zu einfach gedacht &#8211; stand damals \u00fcberhaupt nicht zur Debatte. <\/p>\n<p>Ich bin im \u00fcbrigen jeden Mittag dort unten und habe bereits mehrfach nach &#8222;Schrottr\u00e4dern&#8220; geschaut, es gibt dort welche, richtig. Aber das ist ein verschwindend geringer Anteil.<\/p>\n<p>Wenn ich solche &#8211; offensichtlich von der Verwaltung lancierten Artikel lese &#8211; dann geht mir echt die Hutschnur hoch! Klasse wie man sich hier f\u00fcr eine Fahrradkultur und ein positives Bild dieses umweltfreundlichen Verkehrsmittels einsetzt. Weiter so &#8230; <\/p>\n","protected":false},"excerpt":{"rendered":"<p>Seit Jahren ist im Rat und Ausschuss f\u00fcr Stadtentwicklung regelm\u00e4\u00dfig eine Frage auf dem Programm: wie geht man mit den &#8222;wild&#8220; am Bahnhof abgestellten Fahrr\u00e4dern um. Und seit einiger Zeit frage ich dann genauso regelm\u00e4\u00dfig, wann man gegen die dort &hellip;<\/p>\n<p class=\"read-more\"> <a class=\"more-link\" href=\"https:\/\/www.andreas-edler.de\/blog\/2013\/04\/rot-fuer-fahrraeder\/\"> <span class=\"screen-reader-text\">Rot f\u00fcr Fahrr\u00e4der<\/span> Weiterlesen &raquo;<\/a><\/p>\n","protected":false},"author":1,"featured_media":0,"comment_status":"open","ping_status":"open","sticky":false,"template":"","format":"standard","meta":{"ngg_post_thumbnail":0,"activitypub_content_warning":"","activitypub_content_visibility":"","activitypub_max_image_attachments":2,"activitypub_interaction_policy_quote":"anyone","activitypub_status":"","footnotes":""},"categories":[14,15,18,45],"tags":[33,77,72],"class_list":["post-18139","post","type-post","status-publish","format-standard","hentry","category-bad-oeynhausen","category-fahrrad","category-fraglich","category-politik","tag-service","tag-stadtrat","tag-verwaltung"],"share_on_mastodon":{"url":"","error":""},"_links":{"self":[{"href":"https:\/\/www.andreas-edler.de\/blog\/wp-json\/wp\/v2\/posts\/18139","targetHints":{"allow":["GET"]}}],"collection":[{"href":"https:\/\/www.andreas-edler.de\/blog\/wp-json\/wp\/v2\/posts"}],"about":[{"href":"https:\/\/www.andreas-edler.de\/blog\/wp-json\/wp\/v2\/types\/post"}],"author":[{"embeddable":true,"href":"https:\/\/www.andreas-edler.de\/blog\/wp-json\/wp\/v2\/users\/1"}],"replies":[{"embeddable":true,"href":"https:\/\/www.andreas-edler.de\/blog\/wp-json\/wp\/v2\/comments?post=18139"}],"version-history":[{"count":0,"href":"https:\/\/www.andreas-edler.de\/blog\/wp-json\/wp\/v2\/posts\/18139\/revisions"}],"wp:attachment":[{"href":"https:\/\/www.andreas-edler.de\/blog\/wp-json\/wp\/v2\/media?parent=18139"}],"wp:term":[{"taxonomy":"category","embeddable":true,"href":"https:\/\/www.andreas-edler.de\/blog\/wp-json\/wp\/v2\/categories?post=18139"},{"taxonomy":"post_tag","embeddable":true,"href":"https:\/\/www.andreas-edler.de\/blog\/wp-json\/wp\/v2\/tags?post=18139"}],"curies":[{"name":"wp","href":"https:\/\/api.w.org\/{rel}","templated":true}]}}