{"id":18093,"date":"2013-04-15T21:30:24","date_gmt":"2013-04-15T19:30:24","guid":{"rendered":"http:\/\/www.andreas-edler.de\/blog\/?p=18093"},"modified":"2013-04-15T21:30:24","modified_gmt":"2013-04-15T19:30:24","slug":"kein-oel-mehr","status":"publish","type":"post","link":"https:\/\/www.andreas-edler.de\/blog\/2013\/04\/kein-oel-mehr\/","title":{"rendered":"Kein \u00d6l mehr"},"content":{"rendered":"<p><cite>Neue-Westf\u00e4lische vom 27.03.2013: <b><a href=\"http:\/\/www.nw-news.de\/owl\/8182111_Studie_Oel_und_Gas_reichen_keine_20_Jahre_mehr.html\">Studie: \u00d6l und Gas reichen keine 20 Jahre mehr<\/a><\/b><br \/>\n&#8230; Die weltweite Erd\u00f6lf\u00f6rderung werde um das Jahr 2030 um etwa 40 Prozent gegen\u00fcber 2012 zur\u00fcckgehen. Sp\u00e4testens dann, so Fell, werde es deutliche Versorgungsprobleme geben &#8230;<\/cite> Ob es 2030 ist oder 10, vielleicht sogar 20 Jahre sp\u00e4ter, ist eigentlich v\u00f6llig egal. Der Zeitpunkt des Kollaps wird nur nach hinten verschoben. Und die im Artikel genannten Preise sind doch auch jetzt schon nichts anderes als pure Spekulation und sind v\u00f6llig unabh\u00e4ngig von Angebot und Nachfrage. Wie kann es sonst sein, dass am Sonntagabend das Benzin bei Jet 1,519 kostet, am n\u00e4chsten Morgen 1,579 und auf dem Nachhauseweg wieder nur 1,529 \u20ac? Hat sich in den nicht einmal 24 Stunden etwas an der Erd\u00f6lf\u00f6rderung getan? Nein, es geht den Konzernen nur ums Geld absch\u00f6pfen &#8211; und des interessiert auch immer nur die aktuell gerade an der Spitze stehenden. Und die interessiert kein bisschen, was der Manager nach ihnen verdient.<\/p>\n<p>Genau das ist das Problem. Keine Sau hat Nachhaltigkeit im Kopf, kein Mensch m\u00f6chte etwas f\u00fcr sp\u00e4tere Generationen tun. Und genau deshalb fahren, fliegen und schippern wir noch mit Fahrzeugen durch die Gegend, die fossile Brennstoffe zur Energieerzeugung nutzen. Es wird keine ganze Generation mehr dauern, bis das nicht mehr geht. Und dann? Vielleicht beginnt man mal ernsthaft, Alternativen zu entwickeln. Vielleicht fangen auch die Leute vor Ort mal an, dar\u00fcber nach zu denken &#8230; wenn ich sehe, wer morgens alles so mit dem Auto Br\u00f6tchen holt &#8230;<\/p>\n","protected":false},"excerpt":{"rendered":"<p>Neue-Westf\u00e4lische vom 27.03.2013: Studie: \u00d6l und Gas reichen keine 20 Jahre mehr &#8230; Die weltweite Erd\u00f6lf\u00f6rderung werde um das Jahr 2030 um etwa 40 Prozent gegen\u00fcber 2012 zur\u00fcckgehen. Sp\u00e4testens dann, so Fell, werde es deutliche Versorgungsprobleme geben &#8230; Ob es &hellip;<\/p>\n<p class=\"read-more\"> <a class=\"more-link\" href=\"https:\/\/www.andreas-edler.de\/blog\/2013\/04\/kein-oel-mehr\/\"> <span class=\"screen-reader-text\">Kein \u00d6l mehr<\/span> Weiterlesen &raquo;<\/a><\/p>\n","protected":false},"author":1,"featured_media":0,"comment_status":"open","ping_status":"open","sticky":false,"template":"","format":"standard","meta":{"ngg_post_thumbnail":0,"activitypub_content_warning":"","activitypub_content_visibility":"","activitypub_max_image_attachments":2,"activitypub_interaction_policy_quote":"anyone","activitypub_status":"","footnotes":""},"categories":[1,45],"tags":[75,70],"class_list":["post-18093","post","type-post","status-publish","format-standard","hentry","category-allgemein","category-politik","tag-grun","tag-umwelt"],"share_on_mastodon":{"url":"","error":""},"_links":{"self":[{"href":"https:\/\/www.andreas-edler.de\/blog\/wp-json\/wp\/v2\/posts\/18093","targetHints":{"allow":["GET"]}}],"collection":[{"href":"https:\/\/www.andreas-edler.de\/blog\/wp-json\/wp\/v2\/posts"}],"about":[{"href":"https:\/\/www.andreas-edler.de\/blog\/wp-json\/wp\/v2\/types\/post"}],"author":[{"embeddable":true,"href":"https:\/\/www.andreas-edler.de\/blog\/wp-json\/wp\/v2\/users\/1"}],"replies":[{"embeddable":true,"href":"https:\/\/www.andreas-edler.de\/blog\/wp-json\/wp\/v2\/comments?post=18093"}],"version-history":[{"count":0,"href":"https:\/\/www.andreas-edler.de\/blog\/wp-json\/wp\/v2\/posts\/18093\/revisions"}],"wp:attachment":[{"href":"https:\/\/www.andreas-edler.de\/blog\/wp-json\/wp\/v2\/media?parent=18093"}],"wp:term":[{"taxonomy":"category","embeddable":true,"href":"https:\/\/www.andreas-edler.de\/blog\/wp-json\/wp\/v2\/categories?post=18093"},{"taxonomy":"post_tag","embeddable":true,"href":"https:\/\/www.andreas-edler.de\/blog\/wp-json\/wp\/v2\/tags?post=18093"}],"curies":[{"name":"wp","href":"https:\/\/api.w.org\/{rel}","templated":true}]}}