{"id":18065,"date":"2013-04-13T00:43:05","date_gmt":"2013-04-12T22:43:05","guid":{"rendered":"http:\/\/www.andreas-edler.de\/blog\/?p=18065"},"modified":"2013-04-13T00:43:05","modified_gmt":"2013-04-12T22:43:05","slug":"bloss-keine-ruecksicht-nehmen","status":"publish","type":"post","link":"https:\/\/www.andreas-edler.de\/blog\/2013\/04\/bloss-keine-ruecksicht-nehmen\/","title":{"rendered":"Blo\u00df keine R\u00fccksicht nehmen"},"content":{"rendered":"<p>Wenn der Mann, den man in der linken H\u00e4lfte des Bildes an dem Schaltschrank rum machen sieht, ein wenig r\u00fccksichtsvoller gewesen w\u00e4re <\/p>\n<p style=\"text-align:center;font-size: smaller;\"><img decoding=\"async\" src=\"http:\/\/www.andreas-edler.de\/grafik\/blog_2013\/20130412_techniker_am_schaltschrank.jpg\" width=\"470\" border=\"0\" alt=\"\" title=\"\"><\/p>\n<p> und seinen Siemens-Bulli auf dem zu 3\/4 freien Parkplatz an der Apotheke Hinter&#8217;m Gradierwerk geparkt h\u00e4tte, dann h\u00e4tte er auch nicht so weit laufen m\u00fcssen. So musster er erst die Eidinghausener an der Fu\u00dfg\u00e4ngerampel \u00fcberqueren und 25 Meter weiter gehen, statt nur die Treppe rauf.<!--more--> <\/p>\n<p style=\"text-align:center;font-size: smaller;\"><img decoding=\"async\" src=\"http:\/\/www.andreas-edler.de\/grafik\/blog_2013\/20130412_siemens_auf_radweg.jpg\" width=\"470\" border=\"0\" alt=\"\" title=\"\"><\/p>\n<p> Gut, er h\u00e4tte dann nicht den Spa\u00df gehabt, den Rad- und Gehweg an der Eidinghausener zu blockieren, indem er einfach aus Bequemlichkeit komplett darauf parkt. Aber mal ehrlich, wie lustig mag das sein? Ich habe ihn nicht gefragt. Auf den G\u00e4rtner nicht, der neulich den Radweg zum parken benutzte. <\/p>\n<p style=\"text-align:center;font-size: smaller;\"><img decoding=\"async\" src=\"http:\/\/www.andreas-edler.de\/grafik\/blog_2013\/20130412_gartentechnik_auf_radweg.jpg\" width=\"470\" border=\"0\" alt=\"\" title=\"\"><\/p>\n<p> Aber es muss ja irgendwie ein Lustgewinn sein &#8211; der mir allerdings v\u00f6llig abgeht. Ich w\u00fcrde gar nicht auf den Gedanken kommen, mich so auf einen Geh- oder Radweg zu stellen. Wei\u00df doch wirklich jeder, dass das Schei\u00dfe ist. <\/p>\n<p style=\"text-align:center;font-size: smaller;\"><img decoding=\"async\" src=\"http:\/\/www.andreas-edler.de\/grafik\/blog_2013\/20130412_taxi_auf_radweg.jpg\" width=\"470\" border=\"0\" alt=\"\" title=\"\"><\/p>\n<p> Obwohl, wei\u00df es wirklich jeder? Oder ist sich jeder nur selbst der N\u00e4chste? Am n\u00e4chsten scheinen sich \u00fcbrigens diejenigen zu sein, die das motorisierte Fahrzeug f\u00fcr die Arbeit ben\u00f6tigen. <\/p>\n<p style=\"text-align:center;font-size: smaller;\"><img decoding=\"async\" src=\"http:\/\/www.andreas-edler.de\/grafik\/blog_2013\/20130412_bratwurst_holen.jpg\" width=\"470\" border=\"0\" alt=\"\" title=\"\"><\/p>\n<p> Allerdings, naja, es gibt auch andere.<\/p>\n","protected":false},"excerpt":{"rendered":"<p>Wenn der Mann, den man in der linken H\u00e4lfte des Bildes an dem Schaltschrank rum machen sieht, ein wenig r\u00fccksichtsvoller gewesen w\u00e4re und seinen Siemens-Bulli auf dem zu 3\/4 freien Parkplatz an der Apotheke Hinter&#8217;m Gradierwerk geparkt h\u00e4tte, dann h\u00e4tte &hellip;<\/p>\n<p class=\"read-more\"> <a class=\"more-link\" href=\"https:\/\/www.andreas-edler.de\/blog\/2013\/04\/bloss-keine-ruecksicht-nehmen\/\"> <span class=\"screen-reader-text\">Blo\u00df keine R\u00fccksicht nehmen<\/span> Weiterlesen &raquo;<\/a><\/p>\n","protected":false},"author":1,"featured_media":0,"comment_status":"open","ping_status":"open","sticky":false,"template":"","format":"standard","meta":{"ngg_post_thumbnail":0,"activitypub_content_warning":"","activitypub_content_visibility":"","activitypub_max_image_attachments":2,"activitypub_interaction_policy_quote":"anyone","activitypub_status":"","footnotes":""},"categories":[15,18,13],"tags":[108,71,76],"class_list":["post-18065","post","type-post","status-publish","format-standard","hentry","category-fahrrad","category-fraglich","category-verkehr","tag-radwegparker","tag-regeln","tag-sicherheit"],"share_on_mastodon":{"url":"","error":""},"_links":{"self":[{"href":"https:\/\/www.andreas-edler.de\/blog\/wp-json\/wp\/v2\/posts\/18065","targetHints":{"allow":["GET"]}}],"collection":[{"href":"https:\/\/www.andreas-edler.de\/blog\/wp-json\/wp\/v2\/posts"}],"about":[{"href":"https:\/\/www.andreas-edler.de\/blog\/wp-json\/wp\/v2\/types\/post"}],"author":[{"embeddable":true,"href":"https:\/\/www.andreas-edler.de\/blog\/wp-json\/wp\/v2\/users\/1"}],"replies":[{"embeddable":true,"href":"https:\/\/www.andreas-edler.de\/blog\/wp-json\/wp\/v2\/comments?post=18065"}],"version-history":[{"count":0,"href":"https:\/\/www.andreas-edler.de\/blog\/wp-json\/wp\/v2\/posts\/18065\/revisions"}],"wp:attachment":[{"href":"https:\/\/www.andreas-edler.de\/blog\/wp-json\/wp\/v2\/media?parent=18065"}],"wp:term":[{"taxonomy":"category","embeddable":true,"href":"https:\/\/www.andreas-edler.de\/blog\/wp-json\/wp\/v2\/categories?post=18065"},{"taxonomy":"post_tag","embeddable":true,"href":"https:\/\/www.andreas-edler.de\/blog\/wp-json\/wp\/v2\/tags?post=18065"}],"curies":[{"name":"wp","href":"https:\/\/api.w.org\/{rel}","templated":true}]}}