{"id":18052,"date":"2013-04-09T21:57:30","date_gmt":"2013-04-09T19:57:30","guid":{"rendered":"http:\/\/www.andreas-edler.de\/blog\/?p=18052"},"modified":"2013-04-09T21:57:30","modified_gmt":"2013-04-09T19:57:30","slug":"individuelle-kennzeichen","status":"publish","type":"post","link":"https:\/\/www.andreas-edler.de\/blog\/2013\/04\/individuelle-kennzeichen\/","title":{"rendered":"Individuelle Kennzeichen"},"content":{"rendered":"<p>Nebenan in Minden stimmt man gerade uneinheitlich dar\u00fcber ab, ob man statt des bekannten MI auf den Nummernschildern auch das alte LK f\u00fcr L\u00fcbbecke wieder einf\u00fchrt. Sven Brandhorst geht <a href=\"http:\/\/sven-brandhorst.de\/kommunalpolitik\/renaissance-der-alten-kennzeichen\/\">in seinem Blogbeitrag<\/a> auf die Argumentation im Kreistag ein und versucht anhand des Zusammengeh\u00f6rigkeitsgef\u00fchls zu argumentieren. Auch <a href=\"http:\/\/soheit.lippeblogs.de\/posts\/3544\">in L\u00fcgde macht man sich dar\u00fcber Gedanken, ob wohl DT neben LIP wieder Sinn machen k\u00f6nnte<\/a> und das alles, <a href=\"http:\/\/www.spiegel.de\/auto\/aktuell\/staedte-sollen-autokennzeichen-frei-waehlen-koennen-a-850889.html\">weil der Bundesverkehrsminister einen hellen Moment hatte<\/a> &#8211; in Bezug auf den Radverkehr vermisse ich das bei dem Mann schmerzlich. Und den hellen Moment kann man mit <cite>Der Minister wolle damit auf B\u00fcrgerw\u00fcnsche eingehen, sagte ein Sprecher der &#8222;Westf\u00e4lischen Rundschau&#8220;.<\/cite> Genau das ist richtig. Die weiteren Ausf\u00fchrung zu Lokalpatriotismus und dem ganzen Schmonzenz sind meiner Meinung nach Mumpitz. Klar, gibt es das. Ja und? Der Grund warum man die Kennzeichen freigeben sollte ist nicht, weil jemand durch die Gegend kutschieren m\u00f6chte, aus welchem Ort er kommt. Das kann man doch jetzt schon an etlichen K\u00fcrzeln als Uneingeweihter nicht mehr erkennen.<!--more--><\/p>\n<p>Man sollte die Kennzeichen komplett frei geben &#8211; weil es geht! Welchen technischen Grund gibt es denn noch, die Kennzeichen an den Kreis zu binden? E-Mailadressen kann man weltweit registrieren und f\u00fcr die Provider ist es ein Klacks sofort zu erkennen, dass die Wunschadresse eines Kirgisen in Feuerland vor 3 Sekunden registriert wurde. Nat\u00fcrlich ist das auch bei Kennzeichen m\u00f6glich. Es besteht gar kein Grund, Kennzeichen hier auf &#8222;MI&#8220; einzuschr\u00e4nken. Hauptsache es ist eindeutig. Und da gibt es \u00fcberhaupt keine technische H\u00fcrde das umzusetzen.<\/p>\n<p>Die Argumentation mit Lokalpatriotismus oder dem Verlust eines Gemeinschaftsgef\u00fchls ist derartig albern, dass ich mich dar\u00fcber gar nicht weiter auslassen m\u00f6chte.<\/p>\n","protected":false},"excerpt":{"rendered":"<p>Nebenan in Minden stimmt man gerade uneinheitlich dar\u00fcber ab, ob man statt des bekannten MI auf den Nummernschildern auch das alte LK f\u00fcr L\u00fcbbecke wieder einf\u00fchrt. Sven Brandhorst geht in seinem Blogbeitrag auf die Argumentation im Kreistag ein und versucht &hellip;<\/p>\n<p class=\"read-more\"> <a class=\"more-link\" href=\"https:\/\/www.andreas-edler.de\/blog\/2013\/04\/individuelle-kennzeichen\/\"> <span class=\"screen-reader-text\">Individuelle Kennzeichen<\/span> Weiterlesen &raquo;<\/a><\/p>\n","protected":false},"author":1,"featured_media":0,"comment_status":"open","ping_status":"open","sticky":false,"template":"","format":"standard","meta":{"ngg_post_thumbnail":0,"activitypub_content_warning":"","activitypub_content_visibility":"","activitypub_max_image_attachments":2,"activitypub_interaction_policy_quote":"anyone","activitypub_status":"","footnotes":""},"categories":[18,45,13],"tags":[33],"class_list":["post-18052","post","type-post","status-publish","format-standard","hentry","category-fraglich","category-politik","category-verkehr","tag-service"],"share_on_mastodon":{"url":"","error":""},"_links":{"self":[{"href":"https:\/\/www.andreas-edler.de\/blog\/wp-json\/wp\/v2\/posts\/18052","targetHints":{"allow":["GET"]}}],"collection":[{"href":"https:\/\/www.andreas-edler.de\/blog\/wp-json\/wp\/v2\/posts"}],"about":[{"href":"https:\/\/www.andreas-edler.de\/blog\/wp-json\/wp\/v2\/types\/post"}],"author":[{"embeddable":true,"href":"https:\/\/www.andreas-edler.de\/blog\/wp-json\/wp\/v2\/users\/1"}],"replies":[{"embeddable":true,"href":"https:\/\/www.andreas-edler.de\/blog\/wp-json\/wp\/v2\/comments?post=18052"}],"version-history":[{"count":0,"href":"https:\/\/www.andreas-edler.de\/blog\/wp-json\/wp\/v2\/posts\/18052\/revisions"}],"wp:attachment":[{"href":"https:\/\/www.andreas-edler.de\/blog\/wp-json\/wp\/v2\/media?parent=18052"}],"wp:term":[{"taxonomy":"category","embeddable":true,"href":"https:\/\/www.andreas-edler.de\/blog\/wp-json\/wp\/v2\/categories?post=18052"},{"taxonomy":"post_tag","embeddable":true,"href":"https:\/\/www.andreas-edler.de\/blog\/wp-json\/wp\/v2\/tags?post=18052"}],"curies":[{"name":"wp","href":"https:\/\/api.w.org\/{rel}","templated":true}]}}