{"id":17951,"date":"2013-04-02T16:53:27","date_gmt":"2013-04-02T14:53:27","guid":{"rendered":"http:\/\/www.andreas-edler.de\/blog\/?p=17951"},"modified":"2013-04-02T16:53:27","modified_gmt":"2013-04-02T14:53:27","slug":"frische-luft-schnappen-mit-dem-rad","status":"publish","type":"post","link":"https:\/\/www.andreas-edler.de\/blog\/2013\/04\/frische-luft-schnappen-mit-dem-rad\/","title":{"rendered":"Frische Luft schnappen mit dem Rad"},"content":{"rendered":"<p>Dem Kopf geht es deutlich besser als gestern. Da habe ich n\u00e4mlich ein paar Stunden im Bett gelegen und hatte vor Schmerzen Tr\u00e4nen in den Augen. Heute brummt es nur noch. Und weil die Sonne so sch\u00f6n schien, habe ich das <a href=\"http:\/\/www.andreas-edler.de\/blog\/2012\/12\/bergamont_sweep_n8-fazit_nach_6-monaten\/\" title=\"Bergamont Sweep N8 \u2013 Fazit nach 6 Monaten\">frisch reparierte Bergamont<\/a> zur Hand genommen und bin kreuz und quer durch die Innenstadt von Bad Oeynhausen gebummelt. Super Luft! Nicht allzu kalt und sehr entspannend.<\/p>\n<p>16,8 Kilometer | 16,7 Km\/h Schnitt | 31,3 Km\/h max. | 95 H\u00f6henmeter<\/p>\n","protected":false},"excerpt":{"rendered":"<p>Dem Kopf geht es deutlich besser als gestern. Da habe ich n\u00e4mlich ein paar Stunden im Bett gelegen und hatte vor Schmerzen Tr\u00e4nen in den Augen. Heute brummt es nur noch. Und weil die Sonne so sch\u00f6n schien, habe ich &hellip;<\/p>\n<p class=\"read-more\"> <a class=\"more-link\" href=\"https:\/\/www.andreas-edler.de\/blog\/2013\/04\/frische-luft-schnappen-mit-dem-rad\/\"> <span class=\"screen-reader-text\">Frische Luft schnappen mit dem Rad<\/span> Weiterlesen &raquo;<\/a><\/p>\n","protected":false},"author":1,"featured_media":0,"comment_status":"open","ping_status":"open","sticky":false,"template":"","format":"standard","meta":{"ngg_post_thumbnail":0,"activitypub_content_warning":"","activitypub_content_visibility":"","activitypub_max_image_attachments":2,"activitypub_interaction_policy_quote":"anyone","activitypub_status":"","footnotes":""},"categories":[15],"tags":[7,5],"class_list":["post-17951","post","type-post","status-publish","format-standard","hentry","category-fahrrad","tag-gesundheit","tag-unterwegs"],"share_on_mastodon":{"url":"","error":""},"_links":{"self":[{"href":"https:\/\/www.andreas-edler.de\/blog\/wp-json\/wp\/v2\/posts\/17951","targetHints":{"allow":["GET"]}}],"collection":[{"href":"https:\/\/www.andreas-edler.de\/blog\/wp-json\/wp\/v2\/posts"}],"about":[{"href":"https:\/\/www.andreas-edler.de\/blog\/wp-json\/wp\/v2\/types\/post"}],"author":[{"embeddable":true,"href":"https:\/\/www.andreas-edler.de\/blog\/wp-json\/wp\/v2\/users\/1"}],"replies":[{"embeddable":true,"href":"https:\/\/www.andreas-edler.de\/blog\/wp-json\/wp\/v2\/comments?post=17951"}],"version-history":[{"count":0,"href":"https:\/\/www.andreas-edler.de\/blog\/wp-json\/wp\/v2\/posts\/17951\/revisions"}],"wp:attachment":[{"href":"https:\/\/www.andreas-edler.de\/blog\/wp-json\/wp\/v2\/media?parent=17951"}],"wp:term":[{"taxonomy":"category","embeddable":true,"href":"https:\/\/www.andreas-edler.de\/blog\/wp-json\/wp\/v2\/categories?post=17951"},{"taxonomy":"post_tag","embeddable":true,"href":"https:\/\/www.andreas-edler.de\/blog\/wp-json\/wp\/v2\/tags?post=17951"}],"curies":[{"name":"wp","href":"https:\/\/api.w.org\/{rel}","templated":true}]}}