{"id":17861,"date":"2013-03-16T17:39:35","date_gmt":"2013-03-16T16:39:35","guid":{"rendered":"http:\/\/www.andreas-edler.de\/blog\/?p=17861"},"modified":"2013-03-16T17:39:35","modified_gmt":"2013-03-16T16:39:35","slug":"baustellenbeschilderung-an-der-flutmulde","status":"publish","type":"post","link":"https:\/\/www.andreas-edler.de\/blog\/2013\/03\/baustellenbeschilderung-an-der-flutmulde\/","title":{"rendered":"Baustellenbeschilderung an der Flutmulde"},"content":{"rendered":"<p>Ich bin im B\u00fcro auf dem Flur bereits angesprochen worden, ob ich denn gar nichts zu der Beschilderung der halbseitigen Sperrung der Flutmuldenbr\u00fccke schreiben wollte. Freut mich ja, dass hier gelesen wird ;-) und nat\u00fcrlich hatte ich zu dem Zeitpunkt die Sache auch schon im Bild fest gehalten. Wollte aber ausnahmsweise mal bis zum Ausschuss f\u00fcr Stadtentwicklung warten, und das Thema dort als \u00f6ffentliche Anfrage stellen. <\/p>\n<p style=\"text-align:center;font-size: smaller;\"><img decoding=\"async\" src=\"http:\/\/www.andreas-edler.de\/grafik\/blog_2013\/20130315_eidinghausener_radweg_1.jpg\" width=\"470\" border=\"0\" alt=\"\" title=\"\"><\/p>\n<p><!--more--> Das hier ist nur beispielhaft. Wo immer eine Sonder-\/Baustellenbeschilderung f\u00fcr den Kraftverkehr eingerichtet wird, m\u00fcssen alle anderen darunter leiden und werden in Gefahr gebracht. Hier wurde oben an der Mindener Stra\u00dfe kurzerhand der Gehweg komplett blockiert. Das f\u00fchrt zu unsch\u00f6nen Begegnungen auf dem Radweg. Hauptsache den KFZ auf der Fahrbahn steht nichts im Wege! <\/p>\n<p style=\"text-align:center;font-size: smaller;\"><img decoding=\"async\" src=\"http:\/\/www.andreas-edler.de\/grafik\/blog_2013\/20130315_eidinghausener_radweg_2.jpg\" width=\"470\" border=\"0\" alt=\"\" title=\"\"><\/p>\n<p> Noch d\u00e4mlicher ist allerdings diese Aufstellung. Direkt neben der Parkbucht steht das 30 Km\/h-Schild auf dem Radweg. Dort kann es von der Fahrbahn auch noch besonders schlecht gesehen werden, da von der Mindener Stra\u00dfe kommend, B\u00e4ume im Weg sind. Ich habe die Stra\u00dfen-NRW-Arbeiter direkt angesprochen und hatte ein wirklich lustiges Gespr\u00e4ch. Ich verstehe ja das Dilemma der beiden, aber auf dem Radweg hat die Beschilderung nichts zu suchen. Und sie behaupteten steif und fest, man d\u00fcrfe die Schilder nicht in Parkbuchten stellen. Bullshit. Genauso schlecht ist auch die Platzierung der Ampel: ebenfalls auf dem Radwegteil der Flutmuldenbr\u00fcck. Noch dazu nicht reflektierend. Sehr sch\u00f6n. <\/p>\n<p style=\"text-align:center;font-size: smaller;\"><img decoding=\"async\" src=\"http:\/\/www.andreas-edler.de\/grafik\/blog_2013\/20130315_eidinghausener_radweg_3.jpg\" width=\"470\" border=\"0\" alt=\"\" title=\"\"><\/p>\n<p> In Gegenrichtung stehen die Schilder keinen Deut intelligenter. Neben leeren Parkbuchten. Und selbst wenn die Schilder in den Parkbuchten stehen w\u00fcrden, k\u00f6nnte man dort immer noch parken. Nur eben ein KFZ weniger. Aber es ist eben auch eine Sonderbeschilderung. Und da schr\u00e4nkt man doch besser den ruhenden Verkehr ein, als dass man dem flie\u00dfenden Verkehr Hindernisse in den Weg stellt, Engp\u00e4sse schafft und Gefahrensituationen provoziert.<\/p>\n<p>Ich habe \u00fcber eine Woche gewartet. Es hat sich an der Situation nichts ge\u00e4ndert. Entweder hat man also nicht von entsprechender Stelle die Sonderbeschilderung abgenommen, oder man fand es so in Ordnung wie es ist. Ich wei\u00df nicht, welche der beiden Alternativen ich schlimmer finden soll.<\/p>\n<p>Jedenfalls habe ich letzten Donnerstag darum gebeten, den Mangel abzustellen. Freitagnachmittag ist noch nichts geschehen &#8230; und wenn ich meine Erfahrungen der letzten Umleitungsbeschilderungen auf diesen Fall \u00fcbertrage, dann wird auch nichts passieren. Bis es mal kracht &#8230;<\/p>\n","protected":false},"excerpt":{"rendered":"<p>Ich bin im B\u00fcro auf dem Flur bereits angesprochen worden, ob ich denn gar nichts zu der Beschilderung der halbseitigen Sperrung der Flutmuldenbr\u00fccke schreiben wollte. Freut mich ja, dass hier gelesen wird ;-) und nat\u00fcrlich hatte ich zu dem Zeitpunkt &hellip;<\/p>\n<p class=\"read-more\"> <a class=\"more-link\" href=\"https:\/\/www.andreas-edler.de\/blog\/2013\/03\/baustellenbeschilderung-an-der-flutmulde\/\"> <span class=\"screen-reader-text\">Baustellenbeschilderung an der Flutmulde<\/span> Weiterlesen &raquo;<\/a><\/p>\n","protected":false},"author":1,"featured_media":0,"comment_status":"open","ping_status":"open","sticky":false,"template":"","format":"standard","meta":{"ngg_post_thumbnail":0,"activitypub_content_warning":"","activitypub_content_visibility":"","activitypub_max_image_attachments":2,"activitypub_interaction_policy_quote":"anyone","activitypub_status":"","footnotes":""},"categories":[14,15,45,13],"tags":[77,72],"class_list":["post-17861","post","type-post","status-publish","format-standard","hentry","category-bad-oeynhausen","category-fahrrad","category-politik","category-verkehr","tag-stadtrat","tag-verwaltung"],"share_on_mastodon":{"url":"","error":""},"_links":{"self":[{"href":"https:\/\/www.andreas-edler.de\/blog\/wp-json\/wp\/v2\/posts\/17861","targetHints":{"allow":["GET"]}}],"collection":[{"href":"https:\/\/www.andreas-edler.de\/blog\/wp-json\/wp\/v2\/posts"}],"about":[{"href":"https:\/\/www.andreas-edler.de\/blog\/wp-json\/wp\/v2\/types\/post"}],"author":[{"embeddable":true,"href":"https:\/\/www.andreas-edler.de\/blog\/wp-json\/wp\/v2\/users\/1"}],"replies":[{"embeddable":true,"href":"https:\/\/www.andreas-edler.de\/blog\/wp-json\/wp\/v2\/comments?post=17861"}],"version-history":[{"count":0,"href":"https:\/\/www.andreas-edler.de\/blog\/wp-json\/wp\/v2\/posts\/17861\/revisions"}],"wp:attachment":[{"href":"https:\/\/www.andreas-edler.de\/blog\/wp-json\/wp\/v2\/media?parent=17861"}],"wp:term":[{"taxonomy":"category","embeddable":true,"href":"https:\/\/www.andreas-edler.de\/blog\/wp-json\/wp\/v2\/categories?post=17861"},{"taxonomy":"post_tag","embeddable":true,"href":"https:\/\/www.andreas-edler.de\/blog\/wp-json\/wp\/v2\/tags?post=17861"}],"curies":[{"name":"wp","href":"https:\/\/api.w.org\/{rel}","templated":true}]}}