{"id":17809,"date":"2013-03-04T19:08:28","date_gmt":"2013-03-04T18:08:28","guid":{"rendered":"http:\/\/www.andreas-edler.de\/blog\/?p=17809"},"modified":"2013-03-05T19:13:58","modified_gmt":"2013-03-05T18:13:58","slug":"feierabendrunde-58","status":"publish","type":"post","link":"https:\/\/www.andreas-edler.de\/blog\/2013\/03\/feierabendrunde-58\/","title":{"rendered":"Feierabendrunde"},"content":{"rendered":"<p>Das erste Mal richtig sch\u00f6ner Fr\u00fch-Fr\u00fchlingstag. Da musste ich nache Schicht auf&#8217;s Rad. Auch wenn ich heute nacht um 20 nach 4 schon aufgestanden bin, um eine Sumatriptan zu nehmen. Hing den ganzen Tag wie ein Schluck Wasser in der Kurve &#8211; aber vielleicht tut die frische Luft ja gut.<\/p>\n<p>Bin einmal nach Bergkirchen rauf, auf der anderen Seite runter, hinter&#8217;m Berge lang und an der Lutternschen Egge wieder zur\u00fcck. Das sind entspannte 21 Kilometer. Macht Spa\u00df.<\/p>\n<p>21,4 Km | 21,1 Km\/h Schnitt | 44,2 Km\/h max. | 292 H\u00f6henmeter<!--more--> <\/p>\n<p style=\"text-align:center;font-size: smaller;\"><iframe width='465' height='548' frameborder='0' src='http:\/\/connect.garmin.com:80\/activity\/embed\/280414035'><\/iframe><\/p>\n","protected":false},"excerpt":{"rendered":"<p>Das erste Mal richtig sch\u00f6ner Fr\u00fch-Fr\u00fchlingstag. Da musste ich nache Schicht auf&#8217;s Rad. Auch wenn ich heute nacht um 20 nach 4 schon aufgestanden bin, um eine Sumatriptan zu nehmen. Hing den ganzen Tag wie ein Schluck Wasser in der &hellip;<\/p>\n<p class=\"read-more\"> <a class=\"more-link\" href=\"https:\/\/www.andreas-edler.de\/blog\/2013\/03\/feierabendrunde-58\/\"> <span class=\"screen-reader-text\">Feierabendrunde<\/span> Weiterlesen &raquo;<\/a><\/p>\n","protected":false},"author":1,"featured_media":0,"comment_status":"open","ping_status":"open","sticky":false,"template":"","format":"standard","meta":{"ngg_post_thumbnail":0,"activitypub_content_warning":"","activitypub_content_visibility":"","activitypub_max_image_attachments":2,"activitypub_interaction_policy_quote":"anyone","activitypub_status":"","footnotes":""},"categories":[15],"tags":[],"class_list":["post-17809","post","type-post","status-publish","format-standard","hentry","category-fahrrad"],"share_on_mastodon":{"url":"","error":""},"_links":{"self":[{"href":"https:\/\/www.andreas-edler.de\/blog\/wp-json\/wp\/v2\/posts\/17809","targetHints":{"allow":["GET"]}}],"collection":[{"href":"https:\/\/www.andreas-edler.de\/blog\/wp-json\/wp\/v2\/posts"}],"about":[{"href":"https:\/\/www.andreas-edler.de\/blog\/wp-json\/wp\/v2\/types\/post"}],"author":[{"embeddable":true,"href":"https:\/\/www.andreas-edler.de\/blog\/wp-json\/wp\/v2\/users\/1"}],"replies":[{"embeddable":true,"href":"https:\/\/www.andreas-edler.de\/blog\/wp-json\/wp\/v2\/comments?post=17809"}],"version-history":[{"count":0,"href":"https:\/\/www.andreas-edler.de\/blog\/wp-json\/wp\/v2\/posts\/17809\/revisions"}],"wp:attachment":[{"href":"https:\/\/www.andreas-edler.de\/blog\/wp-json\/wp\/v2\/media?parent=17809"}],"wp:term":[{"taxonomy":"category","embeddable":true,"href":"https:\/\/www.andreas-edler.de\/blog\/wp-json\/wp\/v2\/categories?post=17809"},{"taxonomy":"post_tag","embeddable":true,"href":"https:\/\/www.andreas-edler.de\/blog\/wp-json\/wp\/v2\/tags?post=17809"}],"curies":[{"name":"wp","href":"https:\/\/api.w.org\/{rel}","templated":true}]}}