{"id":17805,"date":"2013-03-02T22:59:27","date_gmt":"2013-03-02T21:59:27","guid":{"rendered":"http:\/\/www.andreas-edler.de\/blog\/?p=17805"},"modified":"2013-03-02T23:00:48","modified_gmt":"2013-03-02T22:00:48","slug":"das-falsche-schild-entfernt","status":"publish","type":"post","link":"https:\/\/www.andreas-edler.de\/blog\/2013\/03\/das-falsche-schild-entfernt\/","title":{"rendered":"Das falsche Schild entfernt"},"content":{"rendered":"<p>Bei der <a href=\"http:\/\/www.andreas-edler.de\/blog\/2013\/02\/ortsbesichtigung-alter-postweg\/\" title=\"Ortsbesichtigung Alter Postweg\">Ortsbesichtigung<\/a> neulich waren sich alle Anwesenden einig, dass die Beschilderung des Alten Postweg in H\u00f6he Einm\u00fcndung Kleines Lohfeld nicht korrekt ist. Ich schreibe das hier <a href=\"http:\/\/www.andreas-edler.de\/blog\/2012\/04\/alter-postweg-muessen-und-duerfen\/\">schon seit Jahren<\/a>. Nun, letzte Woche wurde jedenfalls schnelle Abhilfe versprochen. Und wie ich da heute so lang fahre, sind tats\u00e4chlich Schilder entfernt worden! <\/p>\n<p style=\"text-align:center;font-size: smaller;\"><img decoding=\"async\" src=\"http:\/\/www.andreas-edler.de\/grafik\/blog_2013\/20130302_kleines_lohfeld_radwegbenutzungspflicht_alter_postweg.jpg\" width=\"470\" border=\"0\" alt=\"\" title=\"\"><\/p>\n<p><!--more--> Ich habe etwas Herzklopfen bekommen. &#8222;Wie, der Weg ist benutzungspflichtig?&#8220; &#8211; &#8222;Das kann doch gar nicht sein!&#8220; &#8230; waren die Aussagen letzte Woche. Und was wurde entfernt? Das Schild &#8222;Gehweg&#8220; mit Zusatz &#8222;Radfahrer frei&#8220;. Das Zeichen f\u00fcr einen benutzungspflichtigen Radweg &#8211; in beide Richtungen auch noch! &#8211; blieb bestehen.<\/p>\n<p>Ist es denn so schwer, etwas vern\u00fcnftig umzusetzen? Wenn vorher an der Stelle nur &#8222;Radfahrer frei&#8220; war, dann interessiert mich jetzt mal die neue, individuelle Gefahrenbeurteilung, die jemand gemacht haben muss. Vor allen Dingen vor dem Hintergrund, dass der nun tats\u00e4chlich in beide Richtungen benutzungspflichtige Geh-\/Radweg nicht die erforderlichen Mindestbreiten aufweist. Nein, ich habe nicht gemessen, w\u00fcrde aber eine Flasche Fusel drauf wetten &#8230; es wird n\u00e4mlich immer nur max. 2.25 Meter breit gebaut. Und das Ding ist noch \u00e4lter. Au\u00dferdem geben 6.500 KFZ am Tag auch keine Benutzungspflicht her. Schon gar nicht einseitig in beide Richtungen.<\/p>\n<p>Es muss echt schwer sein, sowas zu verinnerlichen.<\/p>\n","protected":false},"excerpt":{"rendered":"<p>Bei der Ortsbesichtigung neulich waren sich alle Anwesenden einig, dass die Beschilderung des Alten Postweg in H\u00f6he Einm\u00fcndung Kleines Lohfeld nicht korrekt ist. Ich schreibe das hier schon seit Jahren. Nun, letzte Woche wurde jedenfalls schnelle Abhilfe versprochen. Und wie &hellip;<\/p>\n<p class=\"read-more\"> <a class=\"more-link\" href=\"https:\/\/www.andreas-edler.de\/blog\/2013\/03\/das-falsche-schild-entfernt\/\"> <span class=\"screen-reader-text\">Das falsche Schild entfernt<\/span> Weiterlesen &raquo;<\/a><\/p>\n","protected":false},"author":1,"featured_media":0,"comment_status":"open","ping_status":"open","sticky":false,"template":"","format":"standard","meta":{"ngg_post_thumbnail":0,"activitypub_content_warning":"","activitypub_content_visibility":"","activitypub_max_image_attachments":2,"activitypub_interaction_policy_quote":"anyone","activitypub_status":"","footnotes":""},"categories":[14,15,13],"tags":[71,72],"class_list":["post-17805","post","type-post","status-publish","format-standard","hentry","category-bad-oeynhausen","category-fahrrad","category-verkehr","tag-regeln","tag-verwaltung"],"share_on_mastodon":{"url":"","error":""},"_links":{"self":[{"href":"https:\/\/www.andreas-edler.de\/blog\/wp-json\/wp\/v2\/posts\/17805","targetHints":{"allow":["GET"]}}],"collection":[{"href":"https:\/\/www.andreas-edler.de\/blog\/wp-json\/wp\/v2\/posts"}],"about":[{"href":"https:\/\/www.andreas-edler.de\/blog\/wp-json\/wp\/v2\/types\/post"}],"author":[{"embeddable":true,"href":"https:\/\/www.andreas-edler.de\/blog\/wp-json\/wp\/v2\/users\/1"}],"replies":[{"embeddable":true,"href":"https:\/\/www.andreas-edler.de\/blog\/wp-json\/wp\/v2\/comments?post=17805"}],"version-history":[{"count":0,"href":"https:\/\/www.andreas-edler.de\/blog\/wp-json\/wp\/v2\/posts\/17805\/revisions"}],"wp:attachment":[{"href":"https:\/\/www.andreas-edler.de\/blog\/wp-json\/wp\/v2\/media?parent=17805"}],"wp:term":[{"taxonomy":"category","embeddable":true,"href":"https:\/\/www.andreas-edler.de\/blog\/wp-json\/wp\/v2\/categories?post=17805"},{"taxonomy":"post_tag","embeddable":true,"href":"https:\/\/www.andreas-edler.de\/blog\/wp-json\/wp\/v2\/tags?post=17805"}],"curies":[{"name":"wp","href":"https:\/\/api.w.org\/{rel}","templated":true}]}}