{"id":17795,"date":"2013-03-02T21:39:25","date_gmt":"2013-03-02T20:39:25","guid":{"rendered":"http:\/\/www.andreas-edler.de\/blog\/?p=17795"},"modified":"2013-03-02T21:39:25","modified_gmt":"2013-03-02T20:39:25","slug":"selle-italia-explorer-zum-dritten","status":"publish","type":"post","link":"https:\/\/www.andreas-edler.de\/blog\/2013\/03\/selle-italia-explorer-zum-dritten\/","title":{"rendered":"Selle Italia Explorer zum Dritten"},"content":{"rendered":"<p>Manche Sachen sind einfach f\u00fcr&#8217;n Arsch. So ein Fahrradsattel zum Beispiel. Und weil so ein handel\u00fcblicher P\u00f6ter durchaus empfindlich ist, besonders wenn man dutzende Kilometer darauf rumrutschert. Ein Sattel ist somit ein ganz, ganz wichtiges Element an einem Fahrrad und man sollte sich nicht nicht mit dem zufrieden geben, was da standardm\u00e4\u00dfig ab Werk so montiert wird. Zumindest dann nicht, wenn man mit dem Rad mehr machen will, als am Sonntag 500 Meter in die Eisdiele fahren.<\/p>\n<p>Durch Zufall habe ich vor Jahren im W\u00fchltisch mal einen <a href=\"http:\/\/www.andreas-edler.de\/blog\/2005\/04\/fest-im-sattel\/\" title=\"Fest im Sattel\">Selle Italia Explorer<\/a> gefunden und f\u00fcr 10 Euro gekauft. Der war so super, dass ich einen Suchdauerauftrag bei ebay einstellte und tats\u00e4chlich 3 Jahre sp\u00e4ter noch einen <a href=\"http:\/\/www.andreas-edler.de\/blog\/2008\/02\/selle-italia-explorer\/\" title=\"Selle Italia Explorer\">in schwarz<\/a> ergattern konnte. Danach war noch ab und an einer im Angebot, aber die Preise wurden mir immer zu hoch. <\/p>\n<p style=\"text-align:center;font-size: smaller;\"><img decoding=\"async\" src=\"http:\/\/www.andreas-edler.de\/grafik\/blog_2013\/20130302_selle_italia_explorer.jpg\" width=\"470\" border=\"0\" alt=\"\" title=\"\"><\/p>\n<p><!--more--> Letzte Woche hatte ich aber mal wieder Gl\u00fcck. Ein gut erhaltenes gebrauchtes Exemplar wurde angeboten und ich habe mit &#8222;Sofort kaufen&#8220; zugeschlagen. Habe nun 3 St\u00fcck dieser wirklich ganz ausgezeichneten S\u00e4ttel, die wohl schon seit ca. 14 Jahren nicht mehr hergestellt werden. Ich kann gar nicht verstehen, warum nicht. Der Schockabsorber funktioniert wunderbar, der Sattel ist nicht bretthart, aber hart genug um bequem zu sitzen und zudem noch recht leicht. Die Oberfl\u00e4che ist sehr haltbar und trotz t\u00e4glicher Nutzung zeigt das braune Exemplar an meinem Arbeits- und Reiserad nur minimale Farbabnutzungen.<\/p>\n<p>Ich bin froh, nun ein Teil auf Reserve im Regal liegen zu haben!<\/p>\n","protected":false},"excerpt":{"rendered":"<p>Manche Sachen sind einfach f\u00fcr&#8217;n Arsch. So ein Fahrradsattel zum Beispiel. Und weil so ein handel\u00fcblicher P\u00f6ter durchaus empfindlich ist, besonders wenn man dutzende Kilometer darauf rumrutschert. Ein Sattel ist somit ein ganz, ganz wichtiges Element an einem Fahrrad und &hellip;<\/p>\n<p class=\"read-more\"> <a class=\"more-link\" href=\"https:\/\/www.andreas-edler.de\/blog\/2013\/03\/selle-italia-explorer-zum-dritten\/\"> <span class=\"screen-reader-text\">Selle Italia Explorer zum Dritten<\/span> Weiterlesen &raquo;<\/a><\/p>\n","protected":false},"author":1,"featured_media":0,"comment_status":"open","ping_status":"open","sticky":false,"template":"","format":"standard","meta":{"ngg_post_thumbnail":0,"activitypub_content_warning":"","activitypub_content_visibility":"","activitypub_max_image_attachments":2,"activitypub_interaction_policy_quote":"anyone","activitypub_status":"","footnotes":""},"categories":[15],"tags":[64],"class_list":["post-17795","post","type-post","status-publish","format-standard","hentry","category-fahrrad","tag-konsum"],"share_on_mastodon":{"url":"","error":""},"_links":{"self":[{"href":"https:\/\/www.andreas-edler.de\/blog\/wp-json\/wp\/v2\/posts\/17795","targetHints":{"allow":["GET"]}}],"collection":[{"href":"https:\/\/www.andreas-edler.de\/blog\/wp-json\/wp\/v2\/posts"}],"about":[{"href":"https:\/\/www.andreas-edler.de\/blog\/wp-json\/wp\/v2\/types\/post"}],"author":[{"embeddable":true,"href":"https:\/\/www.andreas-edler.de\/blog\/wp-json\/wp\/v2\/users\/1"}],"replies":[{"embeddable":true,"href":"https:\/\/www.andreas-edler.de\/blog\/wp-json\/wp\/v2\/comments?post=17795"}],"version-history":[{"count":0,"href":"https:\/\/www.andreas-edler.de\/blog\/wp-json\/wp\/v2\/posts\/17795\/revisions"}],"wp:attachment":[{"href":"https:\/\/www.andreas-edler.de\/blog\/wp-json\/wp\/v2\/media?parent=17795"}],"wp:term":[{"taxonomy":"category","embeddable":true,"href":"https:\/\/www.andreas-edler.de\/blog\/wp-json\/wp\/v2\/categories?post=17795"},{"taxonomy":"post_tag","embeddable":true,"href":"https:\/\/www.andreas-edler.de\/blog\/wp-json\/wp\/v2\/tags?post=17795"}],"curies":[{"name":"wp","href":"https:\/\/api.w.org\/{rel}","templated":true}]}}