{"id":17694,"date":"2013-02-05T22:54:28","date_gmt":"2013-02-05T21:54:28","guid":{"rendered":"http:\/\/www.andreas-edler.de\/blog\/?p=17694"},"modified":"2013-02-05T22:54:28","modified_gmt":"2013-02-05T21:54:28","slug":"fahrradfahren-wird-teurer","status":"publish","type":"post","link":"https:\/\/www.andreas-edler.de\/blog\/2013\/02\/fahrradfahren-wird-teurer\/","title":{"rendered":"Fahrradfahren wird teurer?"},"content":{"rendered":"<p>N\u00f6, nicht wirklich. Und ich muss mich f\u00fcr die gerade beschlossenen Erh\u00f6hungen der Bu\u00dfgelder auch kein bisschen umstellen oder mein Verhalten \u00e4ndern. Ist genau wie beim Autofahren. Auch dort habe ich es komplett selbst in der Hand, ob ich zus\u00e4tzlich zu Sprit- und Anschaffungskosten, Versicherung und Steuern auch noch Bu\u00dfgelder bezahlen m\u00f6chte. Niemand zwingt mich dazu, geblitzt zu werden. Nicht anders ist es beim Radfahren. Niemand zwingt mich dazu, in die verkehrte Richtung zu fahren, das Licht nicht einzuschalten oder eine rote Ampel zu missachten. Tats\u00e4chlich wissen dies die Meisten und halten sich daran. Das best\u00e4tigt z.B. auch die Polizei bei ihren gro\u00df angelegten Lichtkontrollen. Hier im Kreis fahren regelm\u00e4\u00dfig unter 10% der \u00fcberpr\u00fcften Radfahrer ohne Licht. Soviele kaputte Frontbeleuchtungen sehe ich zur Zeit auch bei Autos. Der Anteil der Autos, die bei regelm\u00e4\u00dfigen \u00dcberpr\u00fcfungen nicht durchkommen (-> T\u00dcV) ist \u00fcbrigens h\u00f6her.<\/p>\n<p>Sei&#8217;s drum. Man hat nun beschlossen, die Bu\u00dfgelder f\u00fcr Verkehrsverst\u00f6\u00dfe auf dem Fahrrad zu erh\u00f6hen. Und soll ich was sagen: gut so! Noch besser f\u00e4nde ich es, wenn das nun auch mal kontrolliert und durchgesetzt wird. Ich w\u00fcnsche mir jeden Morgen Polizei an der Eidinghausener Stra\u00dfe, die die verbl\u00f6deten Geisterfahrer schnurstracks auf die andere Seite schickt. Boah, und das aus dem Mund eines \u00fcberzeugten Fahrradfahrers? Na klar. Warum auch nicht?<\/p>\n<p>Was mir aber tierisch auf den Senkel geht, ist die Berichterstattung dazu. Die Presse bejubelt teilweise geradezu, dass die &#8222;R\u00fcpel-Radler&#8220;, &#8222;Rad-Rambos&#8220; und &#8222;Fahrrad-Rowdys&#8220; nun aber endlich mal so richtig zur Kasse gebeten werden. Auch unsere Lokalpostille breitet die neuen Tarife auf der Titelseite aus. <a href=\"http:\/\/www.n-tv.de\/politik\/Knoellchen-werden-deutlich-teurer-article10055646.html\">Vergisst dabei aber v\u00f6llig zu erw\u00e4hnen, dass gleichzeitig die Konditionen f\u00fcr das verbotene Zuparken von Radwegen durch Autofahrer ebenfalls teurer werden.<\/a> Passt nat\u00fcrlich nicht ins Bild. Wo kommen wir denn da auch hin, wenn in der Zeitung stehen w\u00fcrde, dass Radwege von Autofahrern zum Parken benutzt werden <b>und<\/b> dass das sogar verboten ist. Vielleicht m\u00fcsste die Presse dann auch erkl\u00e4ren &#8211; oder besser: erstmal verstehen &#8211; warum man als ernsthafter Fahrradfahrer unter Umst\u00e4nden doch lieber die Fahrbahn benutzt.<\/p>\n<p>Vielleicht m\u00fcsste sich dann auch mal grunds\u00e4tzlich mit der Thematik besch\u00e4ftigen und die eigenen Artikel richtig lesen. Dann w\u00fcrden auch die Lokalbl\u00e4tter bemerken, dass die Sache mit dem Licht laut den eigenen Ver\u00f6ffentlichungen nicht stimmen kann. Es ist aber bequemer auf dem umweltfreundlichsten und effizientesten Verkehrsmittel rum zu hacken, wenn man im R\u00fccken die gro\u00dfe Autofahrerlobby wei\u00df. Auch das Unf\u00e4lle mit dem Rad eher glimpflicher ausgehen als mit dem Auto und zudem gr\u00f6\u00dftenteils durch die motorisierten Verkehrsteilnehmer verursacht werden, kommt bei den Autofahrern schlecht an. Darum lieber schreiben, dass Radfahrer b\u00f6se sind und in Zukunft richtig zur Kasse gebeten werden. Ein Appell an die Kurzstrecken-Ein-Personen-Autofahrer, doch einfach mal die 4 Kilomter ins B\u00fcro, den 1 Kilomter zur Grundschule oder die 500 Meter zum B\u00e4cker mit dem Rad oder gar zu Fu\u00df zur\u00fcck zu legen w\u00e4re hilfreich, umweltfreundlich, verkehrsentschleunigend, Geld sparend, Gesundheit f\u00f6rdernd, Unfallzahlen verringernd, Todesf\u00e4lle reduzierend &#8211; aber leider nicht lobbykonform.<\/p>\n<p>Und in Deutschland h\u00f6rt sowohl die Politik als auch die Presse nur auf Lobbyisten. Leider. <\/p>\n","protected":false},"excerpt":{"rendered":"<p>N\u00f6, nicht wirklich. Und ich muss mich f\u00fcr die gerade beschlossenen Erh\u00f6hungen der Bu\u00dfgelder auch kein bisschen umstellen oder mein Verhalten \u00e4ndern. Ist genau wie beim Autofahren. Auch dort habe ich es komplett selbst in der Hand, ob ich zus\u00e4tzlich &hellip;<\/p>\n<p class=\"read-more\"> <a class=\"more-link\" href=\"https:\/\/www.andreas-edler.de\/blog\/2013\/02\/fahrradfahren-wird-teurer\/\"> <span class=\"screen-reader-text\">Fahrradfahren wird teurer?<\/span> Weiterlesen &raquo;<\/a><\/p>\n","protected":false},"author":1,"featured_media":0,"comment_status":"open","ping_status":"open","sticky":false,"template":"","format":"standard","meta":{"ngg_post_thumbnail":0,"activitypub_content_warning":"","activitypub_content_visibility":"","activitypub_max_image_attachments":2,"activitypub_interaction_policy_quote":"anyone","activitypub_status":"","footnotes":""},"categories":[14,15,13],"tags":[37,34,59,71],"class_list":["post-17694","post","type-post","status-publish","format-standard","hentry","category-bad-oeynhausen","category-fahrrad","category-verkehr","tag-auto","tag-kommunikation","tag-presse","tag-regeln"],"share_on_mastodon":{"url":"","error":""},"_links":{"self":[{"href":"https:\/\/www.andreas-edler.de\/blog\/wp-json\/wp\/v2\/posts\/17694","targetHints":{"allow":["GET"]}}],"collection":[{"href":"https:\/\/www.andreas-edler.de\/blog\/wp-json\/wp\/v2\/posts"}],"about":[{"href":"https:\/\/www.andreas-edler.de\/blog\/wp-json\/wp\/v2\/types\/post"}],"author":[{"embeddable":true,"href":"https:\/\/www.andreas-edler.de\/blog\/wp-json\/wp\/v2\/users\/1"}],"replies":[{"embeddable":true,"href":"https:\/\/www.andreas-edler.de\/blog\/wp-json\/wp\/v2\/comments?post=17694"}],"version-history":[{"count":0,"href":"https:\/\/www.andreas-edler.de\/blog\/wp-json\/wp\/v2\/posts\/17694\/revisions"}],"wp:attachment":[{"href":"https:\/\/www.andreas-edler.de\/blog\/wp-json\/wp\/v2\/media?parent=17694"}],"wp:term":[{"taxonomy":"category","embeddable":true,"href":"https:\/\/www.andreas-edler.de\/blog\/wp-json\/wp\/v2\/categories?post=17694"},{"taxonomy":"post_tag","embeddable":true,"href":"https:\/\/www.andreas-edler.de\/blog\/wp-json\/wp\/v2\/tags?post=17694"}],"curies":[{"name":"wp","href":"https:\/\/api.w.org\/{rel}","templated":true}]}}