{"id":17679,"date":"2013-01-31T22:59:38","date_gmt":"2013-01-31T21:59:38","guid":{"rendered":"http:\/\/www.andreas-edler.de\/blog\/?p=17679"},"modified":"2022-06-12T17:14:10","modified_gmt":"2022-06-12T15:14:10","slug":"herforder-strasse-wird-nicht-fuer-den-motorisierten-verkehr-geoeffnet","status":"publish","type":"post","link":"https:\/\/www.andreas-edler.de\/blog\/2013\/01\/herforder-strasse-wird-nicht-fuer-den-motorisierten-verkehr-geoeffnet\/","title":{"rendered":"Herforder Stra\u00dfe wird nicht f\u00fcr den motorisierten Verkehr ge\u00f6ffnet"},"content":{"rendered":"<p>Heute stand der Antrag der Innenstadtkaufleute zur \u00d6ffnung der Herforder Stra\u00dfe auf der Tagesordnung des Ausschuss f\u00fcr Stadtentwicklung. Seit ich 2009 in den Rat kam, habe ich diese Forderung bzw. diesen Vorschlag vielfach geh\u00f6rt und ich bin kein Freund davon. Ganz einfach weil ich die Argumentation f\u00fcr nicht stichhaltig halte &#8211; f\u00fcr 5 bis 8 Parkpl\u00e4tze <span style=\"font-size: smaller;\">(mehr sind laut Verwaltung gar nicht m\u00f6glich an der Herforder Stra\u00dfe &#8211; <a href=\"http:\/\/www.andreas-edler.de\/blog\/2011\/01\/herforder-strase-fur-kfz-freigeben\/\" title=\"Herforder Stra\u00dfe f\u00fcr KFZ freigeben?\">ich hatte mal mehr errechnet<\/a>)<\/span> den ganzen Parksuchverkehr in die Fu\u00dfg\u00e4ngerzone holen? Nein. Um \u00fcber die Innenstadt den S\u00fcltebusch zu erreichen? Da gibt es schnellere Wege.<\/p>\n<p>Das einzige was passieren wird ist, dass die Herforder Stra\u00dfe als direkte Umfahrung der Mindener auf dem Weg zum Wittel benutzt wird. Und nat\u00fcrlich wird es genug wilde Parker geben, die die Herforder zustellen. Das wird dann richtig attraktiv f\u00fcr die Au\u00dfengastronomie am Inowroclawplatz und der Herforder Stra\u00dfe.<\/p>\n<p>Nicht nur ich oder unsere Fraktion sieht das so. Auch die gro\u00dfe Mehrheit der Ausschussmitglieder hat entsprechend abgestimmt und die Ablehnung der \u00d6ffnung mit deutlichen Worten begr\u00fcndet. Es ist allerdings nicht so, dass niemand etwas f\u00fcr die Innenstadt tun will &#8211; die Verwaltung wird weiter am Mobilit\u00e4tskonzept arbeiten und im Rahmen dessen auch M\u00f6glichkeiten f\u00fcr diesen Bereich vorstellen.<\/p>\n<p>Ich k\u00f6nnte mir z.B. sehr gut eine \u00d6ffnung der Stra\u00dfe <del datetime=\"2013-01-31T23:01:45+00:00\">&#8222;An der Nordbahn&#8220;<\/del> &#8222;Am Nordbahnhof&#8220; vorstellen. <a href=\"http:\/\/www.andreas-edler.de\/blog\/2012\/11\/oeffnung-der-herforder-strasse\/\" title=\"\u00d6ffnung der Herforder Stra\u00dfe\">Habe ich hier ja auch schon mal erw\u00e4hnt.<\/a><\/p>\n","protected":false},"excerpt":{"rendered":"<p>Heute stand der Antrag der Innenstadtkaufleute zur \u00d6ffnung der Herforder Stra\u00dfe auf der Tagesordnung des Ausschuss f\u00fcr Stadtentwicklung. Seit ich 2009 in den Rat kam, habe ich diese Forderung bzw. diesen Vorschlag vielfach geh\u00f6rt und ich bin kein Freund davon. &hellip;<\/p>\n<p class=\"read-more\"> <a class=\"more-link\" href=\"https:\/\/www.andreas-edler.de\/blog\/2013\/01\/herforder-strasse-wird-nicht-fuer-den-motorisierten-verkehr-geoeffnet\/\"> <span class=\"screen-reader-text\">Herforder Stra\u00dfe wird nicht f\u00fcr den motorisierten Verkehr ge\u00f6ffnet<\/span> Weiterlesen &raquo;<\/a><\/p>\n","protected":false},"author":1,"featured_media":0,"comment_status":"open","ping_status":"open","sticky":false,"template":"","format":"standard","meta":{"ngg_post_thumbnail":0,"activitypub_content_warning":"","activitypub_content_visibility":"","activitypub_max_image_attachments":2,"activitypub_interaction_policy_quote":"anyone","activitypub_status":"","footnotes":""},"categories":[14,45,13],"tags":[37,455,59,72],"class_list":["post-17679","post","type-post","status-publish","format-standard","hentry","category-bad-oeynhausen","category-politik","category-verkehr","tag-auto","tag-herforder-strasse","tag-presse","tag-verwaltung"],"share_on_mastodon":{"url":"","error":""},"_links":{"self":[{"href":"https:\/\/www.andreas-edler.de\/blog\/wp-json\/wp\/v2\/posts\/17679","targetHints":{"allow":["GET"]}}],"collection":[{"href":"https:\/\/www.andreas-edler.de\/blog\/wp-json\/wp\/v2\/posts"}],"about":[{"href":"https:\/\/www.andreas-edler.de\/blog\/wp-json\/wp\/v2\/types\/post"}],"author":[{"embeddable":true,"href":"https:\/\/www.andreas-edler.de\/blog\/wp-json\/wp\/v2\/users\/1"}],"replies":[{"embeddable":true,"href":"https:\/\/www.andreas-edler.de\/blog\/wp-json\/wp\/v2\/comments?post=17679"}],"version-history":[{"count":0,"href":"https:\/\/www.andreas-edler.de\/blog\/wp-json\/wp\/v2\/posts\/17679\/revisions"}],"wp:attachment":[{"href":"https:\/\/www.andreas-edler.de\/blog\/wp-json\/wp\/v2\/media?parent=17679"}],"wp:term":[{"taxonomy":"category","embeddable":true,"href":"https:\/\/www.andreas-edler.de\/blog\/wp-json\/wp\/v2\/categories?post=17679"},{"taxonomy":"post_tag","embeddable":true,"href":"https:\/\/www.andreas-edler.de\/blog\/wp-json\/wp\/v2\/tags?post=17679"}],"curies":[{"name":"wp","href":"https:\/\/api.w.org\/{rel}","templated":true}]}}