{"id":17632,"date":"2013-01-21T21:18:55","date_gmt":"2013-01-21T20:18:55","guid":{"rendered":"http:\/\/www.andreas-edler.de\/blog\/?p=17632"},"modified":"2013-01-21T21:18:55","modified_gmt":"2013-01-21T20:18:55","slug":"schneetier-in-seinem-element","status":"publish","type":"post","link":"https:\/\/www.andreas-edler.de\/blog\/2013\/01\/schneetier-in-seinem-element\/","title":{"rendered":"Schneetier in seinem Element"},"content":{"rendered":"<p>Ich bin die gesamte letzte Woche und heute auch mit dem Fahrrad zur Arbeit gefahren. Und sieht man mal von dem teilweise sehr unger\u00e4umten Weg ab, ist das auch kein Hexenwerk. Im Gegenteil, wenn das mehr Leute machen w\u00fcrden, dann h\u00e4tte es heute morgen auch keinen Stau auf der Eidinghausener von der neuen Autobahnbr\u00fccke bis zur Mindener Stra\u00dfe gegeben. Und wenn man die Kinder einfach mal zu Fu\u00df zur Schule schickt, dann entlastet das die Stra\u00dfen ebenfalls und macht es ganz nebenbei auch noch sicherer f\u00fcr den Rest &#8211; inkl. der zu Fu\u00df gehenden Schulkinder. Und nein, das ist nicht verr\u00fcckt, das haben wir damals immer so gemacht. Da hat keiner im Fernsehen gesagt &#8222;Oh, es schneit, dann d\u00fcrfen die Eltern selbst entscheiden, ob man zur Schule mu\u00df!&#8220; &#8230; jemine, es ist Winter und das noch nicht einmal besonders hart. Andere lachen uns f\u00fcr so ein Wetter aus. Das aber nur nebenbei ;-) Denn ich fahre echt gerne Auto &#8211; und bei dem Wetter besonders! <\/p>\n<p style=\"text-align:center;font-size: smaller;\"><img decoding=\"async\" src=\"http:\/\/www.andreas-edler.de\/grafik\/blog_2013\/20130121_yeti_oberbecksen.jpg\" width=\"470\" border=\"0\" alt=\"\" title=\"\"><\/p>\n<p><!--more--> Praktischerweise haben wir uns genau daf\u00fcr vorletztes Jahr das passende Auto gekauft. Nach der Arbeit meine Eltern in Oberbecksen besuchen war mir mit dem Fahrrad dann doch zu anstrengend. Im Sommer, Fr\u00fchling und Herbst gerne, aber bei dem Schnee nicht. Mit dem Yeti alles kein Problem. Am Borweg standen Leute mit Warnblinker schr\u00e4g &#8211; ich kann vorbei fahren. In der W\u00f6lpke parken Autos mitten auf der Fahrbahn &#8211; der Yeti f\u00e4hrt durch die Schneewehen am Stra\u00dfenrand. Und die Zufahrstra\u00dfe zu meinen Eltern stellte trotz reichlich Steigung Schnee kein Problem dar. <\/p>\n<p style=\"text-align:center;font-size: smaller;\"><img decoding=\"async\" src=\"http:\/\/www.andreas-edler.de\/grafik\/blog_2013\/20130121_schneetreiben.jpg\" width=\"470\" border=\"0\" alt=\"\" title=\"\"><\/p>\n<p> Habe meiner Mama noch ein bisschen beim Schneeschieben geholfen, etwas am Kamin aufgew\u00e4rmt und erz\u00e4hlt und dann wieder nach Hause. Und weil der Skoda so sch\u00f6n wie auf Schienen l\u00e4uft, habe ich mir eine sch\u00f6ne Nebenstrecke (h\u00fcstel) ausgesucht. War nicht soooo sehr befahren, aber der ein oder andere mu\u00df schon mal dagewesen sein ;-)<\/p>\n","protected":false},"excerpt":{"rendered":"<p>Ich bin die gesamte letzte Woche und heute auch mit dem Fahrrad zur Arbeit gefahren. Und sieht man mal von dem teilweise sehr unger\u00e4umten Weg ab, ist das auch kein Hexenwerk. Im Gegenteil, wenn das mehr Leute machen w\u00fcrden, dann &hellip;<\/p>\n<p class=\"read-more\"> <a class=\"more-link\" href=\"https:\/\/www.andreas-edler.de\/blog\/2013\/01\/schneetier-in-seinem-element\/\"> <span class=\"screen-reader-text\">Schneetier in seinem Element<\/span> Weiterlesen &raquo;<\/a><\/p>\n","protected":false},"author":1,"featured_media":0,"comment_status":"open","ping_status":"open","sticky":false,"template":"","format":"standard","meta":{"ngg_post_thumbnail":0,"activitypub_content_warning":"","activitypub_content_visibility":"","activitypub_max_image_attachments":2,"activitypub_interaction_policy_quote":"anyone","activitypub_status":"","footnotes":""},"categories":[15],"tags":[37,5,53],"class_list":["post-17632","post","type-post","status-publish","format-standard","hentry","category-fahrrad","tag-auto","tag-unterwegs","tag-wetter"],"share_on_mastodon":{"url":"","error":""},"_links":{"self":[{"href":"https:\/\/www.andreas-edler.de\/blog\/wp-json\/wp\/v2\/posts\/17632","targetHints":{"allow":["GET"]}}],"collection":[{"href":"https:\/\/www.andreas-edler.de\/blog\/wp-json\/wp\/v2\/posts"}],"about":[{"href":"https:\/\/www.andreas-edler.de\/blog\/wp-json\/wp\/v2\/types\/post"}],"author":[{"embeddable":true,"href":"https:\/\/www.andreas-edler.de\/blog\/wp-json\/wp\/v2\/users\/1"}],"replies":[{"embeddable":true,"href":"https:\/\/www.andreas-edler.de\/blog\/wp-json\/wp\/v2\/comments?post=17632"}],"version-history":[{"count":0,"href":"https:\/\/www.andreas-edler.de\/blog\/wp-json\/wp\/v2\/posts\/17632\/revisions"}],"wp:attachment":[{"href":"https:\/\/www.andreas-edler.de\/blog\/wp-json\/wp\/v2\/media?parent=17632"}],"wp:term":[{"taxonomy":"category","embeddable":true,"href":"https:\/\/www.andreas-edler.de\/blog\/wp-json\/wp\/v2\/categories?post=17632"},{"taxonomy":"post_tag","embeddable":true,"href":"https:\/\/www.andreas-edler.de\/blog\/wp-json\/wp\/v2\/tags?post=17632"}],"curies":[{"name":"wp","href":"https:\/\/api.w.org\/{rel}","templated":true}]}}