{"id":175802,"date":"2026-08-30T18:44:44","date_gmt":"2026-08-30T16:44:44","guid":{"rendered":"https:\/\/www.andreas-edler.de\/blog\/?p=175802"},"modified":"2026-08-30T18:44:44","modified_gmt":"2026-08-30T16:44:44","slug":"radwegenetz-in-bad-oeynhausen-wird-ausgebaut","status":"publish","type":"post","link":"https:\/\/www.andreas-edler.de\/blog\/2026\/08\/radwegenetz-in-bad-oeynhausen-wird-ausgebaut\/","title":{"rendered":"Radwegenetz in Bad Oeynhausen wird &#8222;ausgebaut&#8220;"},"content":{"rendered":"<p>In der Neuen Westf\u00e4lischen wird der Ausbau des Radwegenetz in Bad Oeynhausen, ich m\u00f6chte fast sagen, &#8222;gefeiert&#8220;.<\/p>\n<p><cite>NW vom 30.08.2026: <strong><a href=\"https:\/\/www.nw.de\/lokal\/kreis_minden_luebbecke\/bad_oeynhausen\/24405330_So-waechst-das-Bad-Oeynhausener-Radnetz-von-Fahrradstrasse-bis-Radbruecken.html\" target=\"_new\">So w\u00e4chst das Bad Oeynhausener Radnetz \u2013 von Fahrradstra\u00dfe bis Radbr\u00fccken<\/a><\/strong><br \/>\n[&#8230;] Stadt und Politik schaffen seit Jahren nach und nach Verbindungen f\u00fcr einen sicheren Radverkehr. Der Norden ist dabei deutlich st\u00e4rker im Fokus als der \u201ebergige\u201c S\u00fcden. [&#8230;]<\/cite><\/p>\n<p>Leider, leider, leider sind f\u00fcr Hauptrouten immer andere zust\u00e4ndig und deshalb m\u00fcssen \u201c<a href=\"https:\/\/www.andreas-edler.de\/blog\/2021\/05\/parallele-radrouten\/\" target=\"_blank\">Alternativen<\/a>\u201d gefunden werden, die in den allermeisten F\u00e4llen auch <a href=\"https:\/\/www.andreas-edler.de\/blog\/2016\/09\/radfahrer-muessen-umweg-in-kauf-nehmen\/\" target=\"_blank\">Umwege bedeuten<\/a>. Dem motorisierten Individualverkehr wird der direkte Teppich ausgerollt und wer die &#8211; auch f\u00fcr die Stadt &#8211; g\u00fcnstigere und zudem klimafreundlichere Alternative w\u00e4hlt, muss <a href=\"https:\/\/www.andreas-edler.de\/blog\/2019\/04\/gegenseitige-ruecksichtnahme\/\" target=\"_blank\">abseits der direkten Verbindungen<\/a> Mehrkilometer in Kauf nehmen.<\/p>\n<p>F\u00fcr die <a href=\"https:\/\/www.andreas-edler.de\/blog\/?s=weserstra%C3%9Fe\" target=\"_blank\">Weserstra\u00dfe<\/a> wurden im Ausschuss von externen Experten schon mal \u201cSharrows\u201d vorgeschlagen. Leider fehlt in der Bad Oeynhausener Verwaltung dazu der Mut. Da werden lieber Fahrradpiktogramme auf Gehwege gemalt, damit man als Radfahrender auch gleich wei\u00df, wo die Priorit\u00e4ten liegen.<\/p>\n","protected":false},"excerpt":{"rendered":"<p>In der Neuen Westf\u00e4lischen wird der Ausbau des Radwegenetz in Bad Oeynhausen, ich m\u00f6chte fast sagen, &#8222;gefeiert&#8220;. NW vom 30.08.2026: So w\u00e4chst das Bad Oeynhausener Radnetz \u2013 von Fahrradstra\u00dfe bis Radbr\u00fccken [&#8230;] Stadt und Politik schaffen seit Jahren nach und &hellip;<\/p>\n<p class=\"read-more\"> <a class=\"more-link\" href=\"https:\/\/www.andreas-edler.de\/blog\/2026\/08\/radwegenetz-in-bad-oeynhausen-wird-ausgebaut\/\"> <span class=\"screen-reader-text\">Radwegenetz in Bad Oeynhausen wird &#8222;ausgebaut&#8220;<\/span> Read more \u2192<\/a><\/p>\n","protected":false},"author":1,"featured_media":161026,"comment_status":"open","ping_status":"open","sticky":false,"template":"","format":"standard","meta":{"ngg_post_thumbnail":0,"activitypub_content_warning":"","activitypub_content_visibility":"","activitypub_max_image_attachments":2,"activitypub_interaction_policy_quote":"anyone","activitypub_status":"federated","footnotes":""},"categories":[14,15,45,13],"tags":[477,237,110,251,168,412,511,66,158,510,72],"class_list":["post-175802","post","type-post","status-publish","format-standard","has-post-thumbnail","hentry","category-bad-oeynhausen","category-fahrrad","category-politik","category-verkehr","tag-alltagsradverkehr","tag-ausschuss-fuer-stadtentwicklung","tag-fahrradfreundliche-stadt","tag-infrastruktur","tag-klimafreundliche-mobilitaet","tag-mdrza","tag-mdrzs","tag-mecker","tag-mit-dem-rad-zur-arbeit","tag-mit-dem-rad-zur-schule","tag-verwaltung"],"share_on_mastodon":{"url":"https:\/\/social.tchncs.de\/@filmfacts\/117185465045723542","error":""},"_links":{"self":[{"href":"https:\/\/www.andreas-edler.de\/blog\/wp-json\/wp\/v2\/posts\/175802","targetHints":{"allow":["GET"]}}],"collection":[{"href":"https:\/\/www.andreas-edler.de\/blog\/wp-json\/wp\/v2\/posts"}],"about":[{"href":"https:\/\/www.andreas-edler.de\/blog\/wp-json\/wp\/v2\/types\/post"}],"author":[{"embeddable":true,"href":"https:\/\/www.andreas-edler.de\/blog\/wp-json\/wp\/v2\/users\/1"}],"replies":[{"embeddable":true,"href":"https:\/\/www.andreas-edler.de\/blog\/wp-json\/wp\/v2\/comments?post=175802"}],"version-history":[{"count":2,"href":"https:\/\/www.andreas-edler.de\/blog\/wp-json\/wp\/v2\/posts\/175802\/revisions"}],"predecessor-version":[{"id":175804,"href":"https:\/\/www.andreas-edler.de\/blog\/wp-json\/wp\/v2\/posts\/175802\/revisions\/175804"}],"wp:featuredmedia":[{"embeddable":true,"href":"https:\/\/www.andreas-edler.de\/blog\/wp-json\/wp\/v2\/media\/161026"}],"wp:attachment":[{"href":"https:\/\/www.andreas-edler.de\/blog\/wp-json\/wp\/v2\/media?parent=175802"}],"wp:term":[{"taxonomy":"category","embeddable":true,"href":"https:\/\/www.andreas-edler.de\/blog\/wp-json\/wp\/v2\/categories?post=175802"},{"taxonomy":"post_tag","embeddable":true,"href":"https:\/\/www.andreas-edler.de\/blog\/wp-json\/wp\/v2\/tags?post=175802"}],"curies":[{"name":"wp","href":"https:\/\/api.w.org\/{rel}","templated":true}]}}