{"id":175299,"date":"2026-07-20T18:12:36","date_gmt":"2026-07-20T16:12:36","guid":{"rendered":"https:\/\/www.andreas-edler.de\/blog\/?p=175299"},"modified":"2026-07-22T20:00:11","modified_gmt":"2026-07-22T18:00:11","slug":"eine-buehne-fuer-den-rechtsextremismus-im-oerr","status":"publish","type":"post","link":"https:\/\/www.andreas-edler.de\/blog\/2026\/07\/eine-buehne-fuer-den-rechtsextremismus-im-oerr\/","title":{"rendered":"Eine B\u00fchne f\u00fcr den Rechtsextremismus im \u00d6RR"},"content":{"rendered":"<p>Beim ZDF gibt es die <a href=\"https:\/\/www.zdf.de\/unternehmen\/dein-zdf\/mitreden-168.html\" target=\"_blank\">Rubrik &#8222;Mitreden&#8220;<\/a>. Dort kann man sich anmelden und fortan mehr oder weniger regelm\u00e4\u00dfig an kleinen Umfragen zum Programm teilnehmen. Meist sind bei den Umfragen auch Freitextfelder, in denen man Anmerkungen zum abgefragten Thema geben kann. Und manchmal besteht auch die M\u00f6glichkeit, ganz allgemein etwas zu schreiben.<\/p>\n<p>Ich habe mir angew\u00f6hnt, in die Freitextfelder genau das zu schreiben, bei dem ich beim ZDF mitreden m\u00f6chte. Zuletzt zum Beispiel:<\/p>\n<p><cite>[&#8230;] Ich finde es unm\u00f6glich und geradezu beleidigend, dass Sie Igor Levit und Danger Dan aus &#8222;Die Anstalt&#8220; ausgeladen haben und gleichzeitig die Chuzpe haben, Alice Weidel ein Sommerinteriew geben zu lassen. Man spricht nicht mit Rechtsextremen, man kann sie nicht inhaltlich stellen, sie haben kein Interesse an Fakten und Sie als \u00d6RR haben niemanden, der das im Interview korrekt einordnen w\u00fcrde. Es ist schlimm, dass der \u00d6RR durch sein Verhalten dem Erstarken der extremen Rechten und dem Faschismus eine B\u00fchne gibt! [&#8230;]<\/cite><\/p>\n<p>Ich denke, genau daf\u00fcr sind solche Umfragen da. M\u00f6glicherweise ist es sinnvoll, dass das jeder macht, der mit seinen Beitr\u00e4gen diese Sender finanziert.<\/p>\n<p>[Update 22.07.2026] Heute erreichte mich ein Newsletter des ZDF, in welchem unter anderem erkl\u00e4rt wird:<\/p>\n<p><cite>[&#8230;] Zur Jubil\u00e4umssendung der Anstalt und der Ausladung von Danger Dan haben uns einige R\u00fcckmeldungen aus der ZDFmitreden-Community erreicht. Eure R\u00fcckmeldungen haben wir geb\u00fcndelt und innerhalb des ZDF weitergegeben. Uns ist wichtig, dass Eure Perspektiven und Anliegen Geh\u00f6r finden und in die internen Diskussionen einflie\u00dfen. Vielen Dank, dass Ihr euch konstruktiv und engagiert an der Debatte beteiligt.<br \/>\n<br \/>\nInzwischen sind sowohl die Jubil\u00e4umssendung der Anstalt als auch eine aspekte-Sendung zum Thema online. Hintergrundinformationen sowie die Positionierung des ZDF zur Debatte findet Ihr in dieser \u00dcbersicht im ZDF-Presseportal. [&#8230;]<\/cite><\/p>\n<p>Zumindest kommen solche Meldungen also an und werden gelesen. Inwieweit sie Einfluss haben, geht aus der Antwort nicht hervor. Eher noch in die Richtung &#8222;Toll, dass ihr das mitteilt. Wie wir das sehen, findet ihr hier. Und jetzt geht weiter.&#8220; &#8211; Ich h\u00e4tte mir in so einem Newsletter schon eine Einordnung gew\u00fcnscht.<\/p>\n","protected":false},"excerpt":{"rendered":"<p>Beim ZDF gibt es die Rubrik &#8222;Mitreden&#8220;. Dort kann man sich anmelden und fortan mehr oder weniger regelm\u00e4\u00dfig an kleinen Umfragen zum Programm teilnehmen. Meist sind bei den Umfragen auch Freitextfelder, in denen man Anmerkungen zum abgefragten Thema geben kann. &hellip;<\/p>\n<p class=\"read-more\"> <a class=\"more-link\" href=\"https:\/\/www.andreas-edler.de\/blog\/2026\/07\/eine-buehne-fuer-den-rechtsextremismus-im-oerr\/\"> <span class=\"screen-reader-text\">Eine B\u00fchne f\u00fcr den Rechtsextremismus im \u00d6RR<\/span> Read more \u2192<\/a><\/p>\n","protected":false},"author":1,"featured_media":0,"comment_status":"open","ping_status":"open","sticky":false,"template":"","format":"standard","meta":{"ngg_post_thumbnail":0,"activitypub_content_warning":"","activitypub_content_visibility":"","activitypub_max_image_attachments":2,"activitypub_interaction_policy_quote":"anyone","activitypub_status":"federated","footnotes":""},"categories":[45],"tags":[81,63,12,34,23,59,19],"class_list":["post-175299","post","type-post","status-publish","format-standard","hentry","category-politik","tag-81","tag-benehmen","tag-fernsehen","tag-kommunikation","tag-medien","tag-presse","tag-tagesgeschehen"],"share_on_mastodon":{"url":"https:\/\/social.tchncs.de\/@filmfacts\/116953183730226092","error":""},"_links":{"self":[{"href":"https:\/\/www.andreas-edler.de\/blog\/wp-json\/wp\/v2\/posts\/175299","targetHints":{"allow":["GET"]}}],"collection":[{"href":"https:\/\/www.andreas-edler.de\/blog\/wp-json\/wp\/v2\/posts"}],"about":[{"href":"https:\/\/www.andreas-edler.de\/blog\/wp-json\/wp\/v2\/types\/post"}],"author":[{"embeddable":true,"href":"https:\/\/www.andreas-edler.de\/blog\/wp-json\/wp\/v2\/users\/1"}],"replies":[{"embeddable":true,"href":"https:\/\/www.andreas-edler.de\/blog\/wp-json\/wp\/v2\/comments?post=175299"}],"version-history":[{"count":4,"href":"https:\/\/www.andreas-edler.de\/blog\/wp-json\/wp\/v2\/posts\/175299\/revisions"}],"predecessor-version":[{"id":175304,"href":"https:\/\/www.andreas-edler.de\/blog\/wp-json\/wp\/v2\/posts\/175299\/revisions\/175304"}],"wp:attachment":[{"href":"https:\/\/www.andreas-edler.de\/blog\/wp-json\/wp\/v2\/media?parent=175299"}],"wp:term":[{"taxonomy":"category","embeddable":true,"href":"https:\/\/www.andreas-edler.de\/blog\/wp-json\/wp\/v2\/categories?post=175299"},{"taxonomy":"post_tag","embeddable":true,"href":"https:\/\/www.andreas-edler.de\/blog\/wp-json\/wp\/v2\/tags?post=175299"}],"curies":[{"name":"wp","href":"https:\/\/api.w.org\/{rel}","templated":true}]}}