{"id":174872,"date":"2026-05-03T13:00:58","date_gmt":"2026-05-03T11:00:58","guid":{"rendered":"https:\/\/www.andreas-edler.de\/blog\/?p=174872"},"modified":"2026-05-03T13:00:58","modified_gmt":"2026-05-03T11:00:58","slug":"trampolin-2010-bis-2026","status":"publish","type":"post","link":"https:\/\/www.andreas-edler.de\/blog\/2026\/05\/trampolin-2010-bis-2026\/","title":{"rendered":"Trampolin &#8211; 2010 bis 2026"},"content":{"rendered":"<p> <a href=\"https:\/\/www.andreas-edler.de\/blog\/2010\/05\/immer-wenns-was-zu-feiern-gibt\/\" target=\"_blank\">Vor 16 Jahren wollte die Frau ein Trampolin haben.<\/a> Tats\u00e4chlich sie f\u00fcr sich. Dass der Nachwuchs und seine Freund\/innen sich auch darauf vergn\u00fcgten, war wohl mehr so Beifang. Mich hat das Ding genervt. Vielleicht nicht vom ersten Tag an, aber ganz, ganz sicher schon viele Jahre. Damit habe ich auch nicht hinter dem Berg gehalten.<\/p>\n<p>Beim Rasenm\u00e4hen musste es immer umgestellt werden. Immer war es irgendwo im Weg. Seitdem <a href=\"https:\/\/www.andreas-edler.de\/blog\/2019\/08\/rasenmaeherroboter-mit-wlan\/\" target=\"_blank\">der Roboter das Gras kurz h\u00e4lt<\/a>, haben wir es meist etwas l\u00e4nger stehen lassen. Der ist dann einfach stoisch beim n\u00e4chsten Mal \u00fcber das um die St\u00fctzen lang gewordene Gras gefahren. Im Laufe der Zeit wurde das Ding auch immer unansehnlicher. Die Matte auf den Federn haben wir zweimal getauscht, das Netz rundherum nie.<\/p>\n<figure id=\"attachment_174875\" aria-describedby=\"caption-attachment-174875\" style=\"width: 470px\" class=\"wp-caption aligncenter\"><a href=\"https:\/\/www.andreas-edler.de\/blog\/wp-content\/uploads\/2026\/05\/2026-05-02-13.46.22.jpg\"><img loading=\"lazy\" decoding=\"async\" src=\"https:\/\/www.andreas-edler.de\/blog\/wp-content\/uploads\/2026\/05\/2026-05-02-13.46.22-470x273.jpg\" alt=\"Zwei M\u00e4nner stehen auf einer gr\u00fcnen Rasenfl\u00e4che und halten einen Kreis aus Metallrohren senkrecht in die Luft. Im Hintergrund steht eine Kinderschaukel aus Holz und es sind hohe Kirschlorbeerhecken zu sehen.\" width=\"470\" height=\"273\" class=\"size-large wp-image-174875\" srcset=\"https:\/\/www.andreas-edler.de\/blog\/wp-content\/uploads\/2026\/05\/2026-05-02-13.46.22-470x273.jpg 470w, https:\/\/www.andreas-edler.de\/blog\/wp-content\/uploads\/2026\/05\/2026-05-02-13.46.22-250x145.jpg 250w, https:\/\/www.andreas-edler.de\/blog\/wp-content\/uploads\/2026\/05\/2026-05-02-13.46.22-768x446.jpg 768w, https:\/\/www.andreas-edler.de\/blog\/wp-content\/uploads\/2026\/05\/2026-05-02-13.46.22-100x58.jpg 100w, https:\/\/www.andreas-edler.de\/blog\/wp-content\/uploads\/2026\/05\/2026-05-02-13.46.22-150x87.jpg 150w, https:\/\/www.andreas-edler.de\/blog\/wp-content\/uploads\/2026\/05\/2026-05-02-13.46.22-200x116.jpg 200w, https:\/\/www.andreas-edler.de\/blog\/wp-content\/uploads\/2026\/05\/2026-05-02-13.46.22-300x174.jpg 300w, https:\/\/www.andreas-edler.de\/blog\/wp-content\/uploads\/2026\/05\/2026-05-02-13.46.22-450x262.jpg 450w, https:\/\/www.andreas-edler.de\/blog\/wp-content\/uploads\/2026\/05\/2026-05-02-13.46.22-600x349.jpg 600w, https:\/\/www.andreas-edler.de\/blog\/wp-content\/uploads\/2026\/05\/2026-05-02-13.46.22-900x523.jpg 900w, https:\/\/www.andreas-edler.de\/blog\/wp-content\/uploads\/2026\/05\/2026-05-02-13.46.22.jpg 1280w\" sizes=\"auto, (max-width: 470px) 100vw, 470px\" \/><\/a><figcaption id=\"caption-attachment-174875\" class=\"wp-caption-text\">Wir bauen ein Stargate.<\/figcaption><\/figure>\n<p>Nun wollten wir das Trampolin f\u00fcr den Rasenroboter umstellen und beim Anheben ist es an einer Stelle gebrochen. Die 16 Jahre an der frischen Luft haben ihren Tribut gezollt. Da gibt es auch nicht mehr viel zu diskutieren, das Ding ist hin\u00fcber. Also eine 10er Nuss auf die Ratsche gesetzt und Hand angelegt. Die Muttern lie\u00dfen sich erstaunlicherweise sehr einfach l\u00f6sen und die Rohre bequem auseinanderziehen. Nur der Ringkranz war an drei Stellen sehr fest. Und der Rost hatte auch anderswo deutlich Spuren hinterlassen. Gut, dass es weg ist!<\/p>\n<figure id=\"attachment_174873\" aria-describedby=\"caption-attachment-174873\" style=\"width: 470px\" class=\"wp-caption aligncenter\"><a href=\"https:\/\/www.andreas-edler.de\/blog\/wp-content\/uploads\/2026\/05\/2026-05-02-13.58.22.jpg\"><img loading=\"lazy\" decoding=\"async\" src=\"https:\/\/www.andreas-edler.de\/blog\/wp-content\/uploads\/2026\/05\/2026-05-02-13.58.22-470x182.jpg\" alt=\"Ein gr\u00fcne Rasenfl\u00e4che. Links sieht man einen rotbraunen Carport mit integriertem Ger\u00e4teschuppen, ganz rechts einen Unterstand, in dem ein Dachzelt aufgebaut ist. In der Mitte dazwischen steht eine Kinderschaukel aus Holz. Der Carport wird \u00fcberspannt von den \u00c4sten zweier gro\u00dfer Buchen, der restliche Garten ist von hohen Hecken und B\u00fcschen umgeben.\" width=\"470\" height=\"182\" class=\"size-large wp-image-174873\" srcset=\"https:\/\/www.andreas-edler.de\/blog\/wp-content\/uploads\/2026\/05\/2026-05-02-13.58.22-470x182.jpg 470w, https:\/\/www.andreas-edler.de\/blog\/wp-content\/uploads\/2026\/05\/2026-05-02-13.58.22-250x97.jpg 250w, https:\/\/www.andreas-edler.de\/blog\/wp-content\/uploads\/2026\/05\/2026-05-02-13.58.22-768x298.jpg 768w, https:\/\/www.andreas-edler.de\/blog\/wp-content\/uploads\/2026\/05\/2026-05-02-13.58.22-100x39.jpg 100w, https:\/\/www.andreas-edler.de\/blog\/wp-content\/uploads\/2026\/05\/2026-05-02-13.58.22-150x58.jpg 150w, https:\/\/www.andreas-edler.de\/blog\/wp-content\/uploads\/2026\/05\/2026-05-02-13.58.22-200x78.jpg 200w, https:\/\/www.andreas-edler.de\/blog\/wp-content\/uploads\/2026\/05\/2026-05-02-13.58.22-300x116.jpg 300w, https:\/\/www.andreas-edler.de\/blog\/wp-content\/uploads\/2026\/05\/2026-05-02-13.58.22-450x175.jpg 450w, https:\/\/www.andreas-edler.de\/blog\/wp-content\/uploads\/2026\/05\/2026-05-02-13.58.22-600x233.jpg 600w, https:\/\/www.andreas-edler.de\/blog\/wp-content\/uploads\/2026\/05\/2026-05-02-13.58.22-900x349.jpg 900w, https:\/\/www.andreas-edler.de\/blog\/wp-content\/uploads\/2026\/05\/2026-05-02-13.58.22.jpg 1280w\" sizes=\"auto, (max-width: 470px) 100vw, 470px\" \/><\/a><figcaption id=\"caption-attachment-174873\" class=\"wp-caption-text\">Endlich ist kein st\u00f6rendes Blau mehr im Garten. Nur noch Gr\u00fcn.<\/figcaption><\/figure>\n<p>Ich bin ein bisschen &#8222;erleichtert&#8220; und &#8222;befreit&#8220;. Das olle Ding hat mich in den vergangenen Jahren echt gest\u00f6rt. H\u00f6rt sich komisch an und der Rest der Familie sieht es anders, aber mir geht es nun ein ganz kleines bisschen besser. Und als &#8211; nicht ausreichenden &#8211; Ersatz haben wir unser erstes 1,20 Meter Trampolin wieder aus dem Keller geholt. Das ist noch kein bisschen rostig. Allerdings auch viel kleiner.<\/p>\n","protected":false},"excerpt":{"rendered":"<p>Vor 16 Jahren wollte die Frau ein Trampolin haben. Tats\u00e4chlich sie f\u00fcr sich. Dass der Nachwuchs und seine Freund\/innen sich auch darauf vergn\u00fcgten, war wohl mehr so Beifang. Mich hat das Ding genervt. Vielleicht nicht vom ersten Tag an, aber &hellip;<\/p>\n<p class=\"read-more\"> <a class=\"more-link\" href=\"https:\/\/www.andreas-edler.de\/blog\/2026\/05\/trampolin-2010-bis-2026\/\"> <span class=\"screen-reader-text\">Trampolin &#8211; 2010 bis 2026<\/span> Weiterlesen &raquo;<\/a><\/p>\n","protected":false},"author":1,"featured_media":174874,"comment_status":"open","ping_status":"open","sticky":false,"template":"","format":"standard","meta":{"ngg_post_thumbnail":0,"activitypub_content_warning":"","activitypub_content_visibility":"","activitypub_max_image_attachments":2,"activitypub_interaction_policy_quote":"anyone","activitypub_status":"federated","footnotes":""},"categories":[22,1],"tags":[143,146,141,31,153,64,182,316,159,201],"class_list":["post-174872","post","type-post","status-publish","format-standard","has-post-thumbnail","hentry","category-basteln","category-allgemein","tag-aufraeumen","tag-familie","tag-fitness","tag-garten","tag-geschenke","tag-konsum","tag-nachwuchs-1-0","tag-reparieren","tag-sport","tag-werkzeug"],"share_on_mastodon":{"url":"https:\/\/social.tchncs.de\/@filmfacts\/116510297951394566","error":""},"_links":{"self":[{"href":"https:\/\/www.andreas-edler.de\/blog\/wp-json\/wp\/v2\/posts\/174872","targetHints":{"allow":["GET"]}}],"collection":[{"href":"https:\/\/www.andreas-edler.de\/blog\/wp-json\/wp\/v2\/posts"}],"about":[{"href":"https:\/\/www.andreas-edler.de\/blog\/wp-json\/wp\/v2\/types\/post"}],"author":[{"embeddable":true,"href":"https:\/\/www.andreas-edler.de\/blog\/wp-json\/wp\/v2\/users\/1"}],"replies":[{"embeddable":true,"href":"https:\/\/www.andreas-edler.de\/blog\/wp-json\/wp\/v2\/comments?post=174872"}],"version-history":[{"count":4,"href":"https:\/\/www.andreas-edler.de\/blog\/wp-json\/wp\/v2\/posts\/174872\/revisions"}],"predecessor-version":[{"id":174879,"href":"https:\/\/www.andreas-edler.de\/blog\/wp-json\/wp\/v2\/posts\/174872\/revisions\/174879"}],"wp:featuredmedia":[{"embeddable":true,"href":"https:\/\/www.andreas-edler.de\/blog\/wp-json\/wp\/v2\/media\/174874"}],"wp:attachment":[{"href":"https:\/\/www.andreas-edler.de\/blog\/wp-json\/wp\/v2\/media?parent=174872"}],"wp:term":[{"taxonomy":"category","embeddable":true,"href":"https:\/\/www.andreas-edler.de\/blog\/wp-json\/wp\/v2\/categories?post=174872"},{"taxonomy":"post_tag","embeddable":true,"href":"https:\/\/www.andreas-edler.de\/blog\/wp-json\/wp\/v2\/tags?post=174872"}],"curies":[{"name":"wp","href":"https:\/\/api.w.org\/{rel}","templated":true}]}}