{"id":174847,"date":"2026-04-10T23:31:23","date_gmt":"2026-04-10T21:31:23","guid":{"rendered":"https:\/\/www.andreas-edler.de\/blog\/?p=174847"},"modified":"2026-04-26T11:44:33","modified_gmt":"2026-04-26T09:44:33","slug":"heinz-nixdorf-museum-und-hermann","status":"publish","type":"post","link":"https:\/\/www.andreas-edler.de\/blog\/2026\/04\/heinz-nixdorf-museum-und-hermann\/","title":{"rendered":"Heinz-Nixdorf-Museum und Hermann"},"content":{"rendered":"<p>Seit ein paar Jahren studiert Nachwuchs 1.0 in Paderborn und seit nunmehr einem Semester verdient er in einem studentischen Job am Heinz-Nixdorf-Museum Geld, um sich seinen Lebensunterhalt zu finanzieren &#8211; zumindest teilweise. In dieser Woche war sein Bruder ein paar Tage zu Besuch am Studienort und wir wollten ihn an diesem Freitag abholen. Damit haben wir dann den schon ganz lange immer wieder aufgeschobenen Besuch im Heinz-Nixdorf-Museum verbunden. Trotz meiner Affinit\u00e4t f\u00fcr elektronisches Ged\u00f6ns und nicht zuletzt meinem Broterwerb war ich noch nie in dem Museum. Tats\u00e4chlich haben wir im B\u00fcro mit Hardware aus Paderborn gearbeitet :-)<\/p>\n<figure id=\"attachment_174848\" aria-describedby=\"caption-attachment-174848\" style=\"width: 470px\" class=\"wp-caption aligncenter\"><a href=\"https:\/\/www.andreas-edler.de\/blog\/wp-content\/uploads\/2026\/04\/2026-04-10-13.00.36-1.jpg\"><img loading=\"lazy\" decoding=\"async\" src=\"https:\/\/www.andreas-edler.de\/blog\/wp-content\/uploads\/2026\/04\/2026-04-10-13.00.36-1-470x293.jpg\" alt=\"Der DeLorean aus &quot;Zur\u00fcck in die Zukunft&quot; steht auf einem sehr flachen Podest der Lobby einer gro\u00dfen Halle.\" width=\"470\" height=\"293\" class=\"size-large wp-image-174848\" srcset=\"https:\/\/www.andreas-edler.de\/blog\/wp-content\/uploads\/2026\/04\/2026-04-10-13.00.36-1-470x293.jpg 470w, https:\/\/www.andreas-edler.de\/blog\/wp-content\/uploads\/2026\/04\/2026-04-10-13.00.36-1-250x156.jpg 250w, https:\/\/www.andreas-edler.de\/blog\/wp-content\/uploads\/2026\/04\/2026-04-10-13.00.36-1-768x479.jpg 768w, https:\/\/www.andreas-edler.de\/blog\/wp-content\/uploads\/2026\/04\/2026-04-10-13.00.36-1-1536x959.jpg 1536w, https:\/\/www.andreas-edler.de\/blog\/wp-content\/uploads\/2026\/04\/2026-04-10-13.00.36-1-2048x1278.jpg 2048w, https:\/\/www.andreas-edler.de\/blog\/wp-content\/uploads\/2026\/04\/2026-04-10-13.00.36-1-100x62.jpg 100w, https:\/\/www.andreas-edler.de\/blog\/wp-content\/uploads\/2026\/04\/2026-04-10-13.00.36-1-150x94.jpg 150w, https:\/\/www.andreas-edler.de\/blog\/wp-content\/uploads\/2026\/04\/2026-04-10-13.00.36-1-200x125.jpg 200w, https:\/\/www.andreas-edler.de\/blog\/wp-content\/uploads\/2026\/04\/2026-04-10-13.00.36-1-300x187.jpg 300w, https:\/\/www.andreas-edler.de\/blog\/wp-content\/uploads\/2026\/04\/2026-04-10-13.00.36-1-450x281.jpg 450w, https:\/\/www.andreas-edler.de\/blog\/wp-content\/uploads\/2026\/04\/2026-04-10-13.00.36-1-600x375.jpg 600w, https:\/\/www.andreas-edler.de\/blog\/wp-content\/uploads\/2026\/04\/2026-04-10-13.00.36-1-900x562.jpg 900w\" sizes=\"auto, (max-width: 470px) 100vw, 470px\" \/><\/a><figcaption id=\"caption-attachment-174848\" class=\"wp-caption-text\">DeLorean<\/figcaption><\/figure>\n<p>In der Lobby wurden wir direkt hinter der Kasse, an welcher wir den \u00e4u\u00dferst moderaten Eintrittspreis von 20,00\u20ac f\u00fcr zwei Besuche bezahlten, vom angeblich originalgetreuesten Nachbau des DeLorean aus &#8222;Zur\u00fcck in die Zukunft&#8220; besucht. Nat\u00fcrlich haben wir das Fahrzeug ausgiebig gew\u00fcrdigt, bewundert und fotografiert! Danach ging es eine Etage h\u00f6her. Hier gibt es einen \u00dcberblick \u00fcber die Entstehung der Schrift und deren Speicherung. In Ton, Holz, Schn\u00fcren bis hin zu den ersten Druckmaschinen und Schreibmaschinen. Auch entsprechende Rechenapparate sind ausgestellt. Mit Schn\u00fcren, Steinen, Abacus, mechanische Rechner, elektrische und elektronische Rechenmaschinen. Interessant, aber ich bin dann doch eher ein bisschen hei\u00df auf die &#8222;richtigen&#8220; Rechner gewesen. Ab Zuse geht es los :-) In der zweite Etage sind dann die Rechner zu sehen, f\u00fcr die ich mich mehr interessierte.<\/p>\n<figure id=\"attachment_174850\" aria-describedby=\"caption-attachment-174850\" style=\"width: 470px\" class=\"wp-caption aligncenter\"><a href=\"https:\/\/www.andreas-edler.de\/blog\/wp-content\/uploads\/2026\/04\/2026-04-10-14.24.43.jpg\"><img loading=\"lazy\" decoding=\"async\" src=\"https:\/\/www.andreas-edler.de\/blog\/wp-content\/uploads\/2026\/04\/2026-04-10-14.24.43-470x277.jpg\" alt=\"Ein Appel II neben einem PET 2001 und weiteren 8-bit-Rechner auf einem Sideboard.\" width=\"470\" height=\"277\" class=\"size-large wp-image-174850\" srcset=\"https:\/\/www.andreas-edler.de\/blog\/wp-content\/uploads\/2026\/04\/2026-04-10-14.24.43-470x277.jpg 470w, https:\/\/www.andreas-edler.de\/blog\/wp-content\/uploads\/2026\/04\/2026-04-10-14.24.43-250x147.jpg 250w, https:\/\/www.andreas-edler.de\/blog\/wp-content\/uploads\/2026\/04\/2026-04-10-14.24.43-768x453.jpg 768w, https:\/\/www.andreas-edler.de\/blog\/wp-content\/uploads\/2026\/04\/2026-04-10-14.24.43-100x59.jpg 100w, https:\/\/www.andreas-edler.de\/blog\/wp-content\/uploads\/2026\/04\/2026-04-10-14.24.43-150x88.jpg 150w, https:\/\/www.andreas-edler.de\/blog\/wp-content\/uploads\/2026\/04\/2026-04-10-14.24.43-200x118.jpg 200w, https:\/\/www.andreas-edler.de\/blog\/wp-content\/uploads\/2026\/04\/2026-04-10-14.24.43-300x177.jpg 300w, https:\/\/www.andreas-edler.de\/blog\/wp-content\/uploads\/2026\/04\/2026-04-10-14.24.43-450x265.jpg 450w, https:\/\/www.andreas-edler.de\/blog\/wp-content\/uploads\/2026\/04\/2026-04-10-14.24.43-600x354.jpg 600w, https:\/\/www.andreas-edler.de\/blog\/wp-content\/uploads\/2026\/04\/2026-04-10-14.24.43-900x531.jpg 900w, https:\/\/www.andreas-edler.de\/blog\/wp-content\/uploads\/2026\/04\/2026-04-10-14.24.43.jpg 1280w\" sizes=\"auto, (max-width: 470px) 100vw, 470px\" \/><\/a><figcaption id=\"caption-attachment-174850\" class=\"wp-caption-text\">Die goldene \u00c4ra!<\/figcaption><\/figure>\n<p>Den C64 habe ich mir vor kurzem &#8222;neu&#8220; geschenkt, wenngleich ein historisches Ger\u00e4t bereits im Regal steht. Trotzdem konnte ich mich \u00fcber die Ausstellungsst\u00fccke richtig freuen. Ein Schneider CPC464 war genauso zu sehen, wie ein Epson HX20. Beide Ger\u00e4te (naja, der Schneider eine Version besser mit Diskette statt Datasette) liegen hier hinter mir in ihren Betten. Da komme ich dann aus dem Grinsen im Muesum nicht raus. Auch die Suche nach meinem ersten Handy &#8211; dem Siemens C25 &#8211; in der gro\u00dfen Vitrine mit hunderten mobiler Telefone machte sehr viel Spa\u00df. Die KI- und Robotic-Abteilung ist dann schon wieder etwas &#8222;too much&#8220;. Science-Fiction lese ich gerne, aber diese humanoiden Roboter machen mich echt nicht an. Ich w\u00fcsste aktuell auch keinen Grund, wozu es die gibt. Die dritte Etage war leider an unserem Besuchstag nicht bespielt.<\/p>\n<p>Der Student hat einige Smalltalks mit Kollegen gehalten und an einigen Stationen auch den anwesenden Besuchern etwas erkl\u00e4rt. Ich glaube er hatte seine &#8222;Dienstjacke&#8220; schon ein bisschen stolz am Leibe :-)<\/p>\n<figure id=\"attachment_174852\" aria-describedby=\"caption-attachment-174852\" style=\"width: 470px\" class=\"wp-caption aligncenter\"><a href=\"https:\/\/www.andreas-edler.de\/blog\/wp-content\/uploads\/2026\/04\/2026-04-10-17.00.03-scaled.jpg\"><img loading=\"lazy\" decoding=\"async\" src=\"https:\/\/www.andreas-edler.de\/blog\/wp-content\/uploads\/2026\/04\/2026-04-10-17.00.03-470x261.jpg\" alt=\"Das Denkmal &quot;Hermann&quot; bei Detmold im Teutoburger Wald. Eine Statue von &quot;Hermann, der Cherusker&quot; steht mit hoch \u00fcber dem Kopf in die Luft gerecktem Schwert auf einem riesiegen, steinernen Pavillion.\" width=\"470\" height=\"261\" class=\"size-large wp-image-174852\" srcset=\"https:\/\/www.andreas-edler.de\/blog\/wp-content\/uploads\/2026\/04\/2026-04-10-17.00.03-470x261.jpg 470w, https:\/\/www.andreas-edler.de\/blog\/wp-content\/uploads\/2026\/04\/2026-04-10-17.00.03-250x139.jpg 250w, https:\/\/www.andreas-edler.de\/blog\/wp-content\/uploads\/2026\/04\/2026-04-10-17.00.03-768x427.jpg 768w, https:\/\/www.andreas-edler.de\/blog\/wp-content\/uploads\/2026\/04\/2026-04-10-17.00.03-1536x854.jpg 1536w, https:\/\/www.andreas-edler.de\/blog\/wp-content\/uploads\/2026\/04\/2026-04-10-17.00.03-2048x1138.jpg 2048w, https:\/\/www.andreas-edler.de\/blog\/wp-content\/uploads\/2026\/04\/2026-04-10-17.00.03-100x56.jpg 100w, https:\/\/www.andreas-edler.de\/blog\/wp-content\/uploads\/2026\/04\/2026-04-10-17.00.03-150x83.jpg 150w, https:\/\/www.andreas-edler.de\/blog\/wp-content\/uploads\/2026\/04\/2026-04-10-17.00.03-200x111.jpg 200w, https:\/\/www.andreas-edler.de\/blog\/wp-content\/uploads\/2026\/04\/2026-04-10-17.00.03-300x167.jpg 300w, https:\/\/www.andreas-edler.de\/blog\/wp-content\/uploads\/2026\/04\/2026-04-10-17.00.03-450x250.jpg 450w, https:\/\/www.andreas-edler.de\/blog\/wp-content\/uploads\/2026\/04\/2026-04-10-17.00.03-600x334.jpg 600w, https:\/\/www.andreas-edler.de\/blog\/wp-content\/uploads\/2026\/04\/2026-04-10-17.00.03-900x500.jpg 900w\" sizes=\"auto, (max-width: 470px) 100vw, 470px\" \/><\/a><figcaption id=\"caption-attachment-174852\" class=\"wp-caption-text\">Der Hermann<\/figcaption><\/figure>\n<p>Wir waren ca. drei Stunden im Nixdorf-Museum, haben dann den <a href=\"https:\/\/www.andreas-edler.de\/blog\/2021\/06\/der-neue-fiat-500e\/\">Fiat 500e<\/a> von der Lades\u00e4ule am Museum abgest\u00f6pselt und uns zu viert auf den Weg nach Hause gemacht. Vier Menschen, vor allen Dingen solche wie Nachwuchs 1.0 und sein Papa und noch zwei kleinere Personen k\u00f6nnen die ungef\u00e4hr einst\u00fcndige Fahrt \u00fcber die D\u00f6rfer nach Hause gerade so ertragen. Allerdings haben wir unterwegs auch eine kleine Pause am Hermann eingelegt! Der J\u00fcngste war noch nie dort, mit dem \u00c4ltesten ist es auch schon wieder 11 Jahre her, seit wir dort mit der Ingress-OWL-Community ein Barbeque veranstaltet haben. Merkw\u00fcrdigerweise habe ich das Treffen gar nicht hier auf der Seite dokumentiert. Heute habe ich auch nur halbherzig ein paar Portale gecaptured und ein kleines Dreieck gebastelt.<\/p>\n<p>Am Hermann haben wir dann noch einen Dreh der \u00f6rtlichen AfD f\u00fcr Kurzfilmchen auf Tik-Tok\/Instagram beobachtet, in welcher sich der Sprecher \u00fcber die b\u00f6sen Windr\u00e4der auslies und f\u00fcr Kopfsch\u00fctteln bei allen sorgte, die drum herum standen. Ein Jugendlicher erkl\u00e4rte seinen Begleitern recht deutlich auf Englisch, was es mit der Truppe auf sich hatte, nachdem diese weiter gezogen sind.<\/p>\n<p>Nachdem wir ausgiebig jeden Stein auf dem H\u00fcgel angesehen hatten, ging es weiter nach Bad Oeynhausen, wo wir den Abend im Reyna mit einem K\u00f6fteteller und anderen Leckereien einl\u00e4uteten. Sch\u00f6ner Familientag :-)<\/p>\n","protected":false},"excerpt":{"rendered":"<p>Seit ein paar Jahren studiert Nachwuchs 1.0 in Paderborn und seit nunmehr einem Semester verdient er in einem studentischen Job am Heinz-Nixdorf-Museum Geld, um sich seinen Lebensunterhalt zu finanzieren &#8211; zumindest teilweise. In dieser Woche war sein Bruder ein paar &hellip;<\/p>\n<p class=\"read-more\"> <a class=\"more-link\" href=\"https:\/\/www.andreas-edler.de\/blog\/2026\/04\/heinz-nixdorf-museum-und-hermann\/\"> <span class=\"screen-reader-text\">Heinz-Nixdorf-Museum und Hermann<\/span> Weiterlesen &raquo;<\/a><\/p>\n","protected":false},"author":1,"featured_media":174851,"comment_status":"open","ping_status":"open","sticky":false,"template":"","format":"standard","meta":{"ngg_post_thumbnail":0,"activitypub_content_warning":"","activitypub_content_visibility":"","activitypub_max_image_attachments":2,"activitypub_interaction_policy_quote":"anyone","activitypub_status":"federated","footnotes":""},"categories":[1],"tags":[17,24,61,146,49,192,597,182,186,673,30,46,5],"class_list":["post-174847","post","type-post","status-publish","format-standard","has-post-thumbnail","hentry","category-allgemein","tag-auf-der-piste","tag-computer","tag-essen","tag-familie","tag-hardware","tag-ingress","tag-kultur","tag-nachwuchs-1-0","tag-nachwuchs-2-0","tag-paderborn","tag-spielen","tag-technik","tag-unterwegs"],"share_on_mastodon":{"url":"https:\/\/social.tchncs.de\/@filmfacts\/116470361334538404","error":""},"_links":{"self":[{"href":"https:\/\/www.andreas-edler.de\/blog\/wp-json\/wp\/v2\/posts\/174847","targetHints":{"allow":["GET"]}}],"collection":[{"href":"https:\/\/www.andreas-edler.de\/blog\/wp-json\/wp\/v2\/posts"}],"about":[{"href":"https:\/\/www.andreas-edler.de\/blog\/wp-json\/wp\/v2\/types\/post"}],"author":[{"embeddable":true,"href":"https:\/\/www.andreas-edler.de\/blog\/wp-json\/wp\/v2\/users\/1"}],"replies":[{"embeddable":true,"href":"https:\/\/www.andreas-edler.de\/blog\/wp-json\/wp\/v2\/comments?post=174847"}],"version-history":[{"count":5,"href":"https:\/\/www.andreas-edler.de\/blog\/wp-json\/wp\/v2\/posts\/174847\/revisions"}],"predecessor-version":[{"id":174860,"href":"https:\/\/www.andreas-edler.de\/blog\/wp-json\/wp\/v2\/posts\/174847\/revisions\/174860"}],"wp:featuredmedia":[{"embeddable":true,"href":"https:\/\/www.andreas-edler.de\/blog\/wp-json\/wp\/v2\/media\/174851"}],"wp:attachment":[{"href":"https:\/\/www.andreas-edler.de\/blog\/wp-json\/wp\/v2\/media?parent=174847"}],"wp:term":[{"taxonomy":"category","embeddable":true,"href":"https:\/\/www.andreas-edler.de\/blog\/wp-json\/wp\/v2\/categories?post=174847"},{"taxonomy":"post_tag","embeddable":true,"href":"https:\/\/www.andreas-edler.de\/blog\/wp-json\/wp\/v2\/tags?post=174847"}],"curies":[{"name":"wp","href":"https:\/\/api.w.org\/{rel}","templated":true}]}}