{"id":174746,"date":"2026-03-21T16:33:58","date_gmt":"2026-03-21T15:33:58","guid":{"rendered":"https:\/\/www.andreas-edler.de\/blog\/?p=174746"},"modified":"2026-03-21T16:38:05","modified_gmt":"2026-03-21T15:38:05","slug":"dexter-2014-bis-2026","status":"publish","type":"post","link":"https:\/\/www.andreas-edler.de\/blog\/2026\/03\/dexter-2014-bis-2026\/","title":{"rendered":"Dexter &#8211; 2014 bis 2026"},"content":{"rendered":"<p>Ich kenne mein Elternhaus von Geburt an nur mit Hund. Zuerst der dunkle Langhaardackel Flori, gefolgt vom ebenso langhaarigen Dackel &#8230; Flori. Leider sehr fr\u00fch an Rattengift gestorben. Danach zog Langhaardackeldame Susi ein. Ihr wurde ein Postauto zum Verh\u00e4ngnis. Dann kam Strolch. Ein drahtiger, kurzhaariger Glatthaarterrier. Fuhr Skateboard und gerne auch mal mit der Vespa zum Eisessen, wobei er mit den Vorderpfoten oben auf dem Lenker stand und sich den Wind um die Nase wehen lie\u00df. Auf Strolch folgte Tiffy, ebenfalls eine Glatthaar-Terrierein. Sie hat <a href=\"https:\/\/www.andreas-edler.de\/blog\/2013\/07\/speiseroehrenkrebs\/\" target=\"_blank\">meinen Vater<\/a> um wenige Monate \u00fcberlebt. Wenig sp\u00e4ter mussten die beiden Frauen am S\u00fcdweg aber wieder Unterst\u00fctzung von einem kleinen R\u00fcden haben. <a href=\"https:\/\/www.andreas-edler.de\/blog\/2014\/05\/dexter\/\" target=\"_blank\">Dexter zog ein.<\/a><\/p>\n<figure id=\"attachment_174749\" aria-describedby=\"caption-attachment-174749\" style=\"width: 470px\" class=\"wp-caption aligncenter\"><a href=\"https:\/\/www.andreas-edler.de\/blog\/wp-content\/uploads\/2026\/03\/2014-05-20-08.21.38.jpg\"><img loading=\"lazy\" decoding=\"async\" src=\"https:\/\/www.andreas-edler.de\/blog\/wp-content\/uploads\/2026\/03\/2014-05-20-08.21.38-470x192.jpg\" alt=\"Ein kleines Terrier-Baby schaut auf einem beige-braunen Teppich sitzend in die Kamera.\" width=\"470\" height=\"192\" class=\"size-large wp-image-174749\" srcset=\"https:\/\/www.andreas-edler.de\/blog\/wp-content\/uploads\/2026\/03\/2014-05-20-08.21.38-470x192.jpg 470w, https:\/\/www.andreas-edler.de\/blog\/wp-content\/uploads\/2026\/03\/2014-05-20-08.21.38-250x102.jpg 250w, https:\/\/www.andreas-edler.de\/blog\/wp-content\/uploads\/2026\/03\/2014-05-20-08.21.38-768x313.jpg 768w, https:\/\/www.andreas-edler.de\/blog\/wp-content\/uploads\/2026\/03\/2014-05-20-08.21.38-100x41.jpg 100w, https:\/\/www.andreas-edler.de\/blog\/wp-content\/uploads\/2026\/03\/2014-05-20-08.21.38-150x61.jpg 150w, https:\/\/www.andreas-edler.de\/blog\/wp-content\/uploads\/2026\/03\/2014-05-20-08.21.38-200x82.jpg 200w, https:\/\/www.andreas-edler.de\/blog\/wp-content\/uploads\/2026\/03\/2014-05-20-08.21.38-300x122.jpg 300w, https:\/\/www.andreas-edler.de\/blog\/wp-content\/uploads\/2026\/03\/2014-05-20-08.21.38-450x184.jpg 450w, https:\/\/www.andreas-edler.de\/blog\/wp-content\/uploads\/2026\/03\/2014-05-20-08.21.38-600x245.jpg 600w, https:\/\/www.andreas-edler.de\/blog\/wp-content\/uploads\/2026\/03\/2014-05-20-08.21.38-900x367.jpg 900w, https:\/\/www.andreas-edler.de\/blog\/wp-content\/uploads\/2026\/03\/2014-05-20-08.21.38.jpg 1280w\" sizes=\"auto, (max-width: 470px) 100vw, 470px\" \/><\/a><figcaption id=\"caption-attachment-174749\" class=\"wp-caption-text\">Dexter ca. 1 Jahr alt-<\/figcaption><\/figure>\n<p>Der Kleine war damals zwei Monate alt und somit etwa ein halbes Jahr j\u00fcnger als Ben. Die beiden kennen sich also seit dem Babyalter und haben sich sehr gut verstanden. Teilweise haben sie im gleichen K\u00f6rbchen gelegen und geknuddelt. Wenn Ben bei meiner Mama war, ist der Hund keinen Meter von seiner Seite gewichen.<\/p>\n<div style=\"width: 605px;\" class=\"wp-video\"><video class=\"wp-video-shortcode\" id=\"video-174746-1\" width=\"605\" height=\"340\" preload=\"metadata\" controls=\"controls\"><source type=\"video\/mp4\" src=\"https:\/\/www.andreas-edler.de\/blog\/wp-content\/uploads\/2026\/03\/2019-04-06-18.04.09.mp4?_=1\" \/><a href=\"https:\/\/www.andreas-edler.de\/blog\/wp-content\/uploads\/2026\/03\/2019-04-06-18.04.09.mp4\">https:\/\/www.andreas-edler.de\/blog\/wp-content\/uploads\/2026\/03\/2019-04-06-18.04.09.mp4<\/a><\/video><\/div>\n<p>Vorgestern rief mich meine Mama morgens im B\u00fcro an und teilte mir mit, dass Dexter von ein paar Minuten eingeschlafen ist. Ich hatte ihn zuletzt gesehen, als ich mit meiner Tante ihr neues Auto am S\u00fcdweg vorgestellt habe. Das war ziemlich genau eine Woche davor und da habe ich schon gesagt, dass er ziemlich klapperig aussah. Auch wenn er noch schwanzwedelnd drau\u00dfen rumlief und gekrault werden wollte.<\/p>\n<p><figure id=\"attachment_174747\" aria-describedby=\"caption-attachment-174747\" style=\"width: 250px\" class=\"wp-caption alignright\"><a href=\"https:\/\/www.andreas-edler.de\/blog\/wp-content\/uploads\/2026\/03\/2015-08-09-10.24.20.jpg\"><img loading=\"lazy\" decoding=\"async\" src=\"https:\/\/www.andreas-edler.de\/blog\/wp-content\/uploads\/2026\/03\/2015-08-09-10.24.20-250x161.jpg\" alt=\"Ein Kleinkind sitzt auf einem Rasenm\u00e4hertraktor. Auf dem gro\u00dfen Grasfangkorb hinter dem Fahrersitz steht ein kleiner Hund und schaut auf den Jungen. Im Hintergrund ist ein gr\u00f6\u00dferer New-Holland-Traktor zu sehen.\" width=\"250\" height=\"161\" class=\"size-medium wp-image-174747\" srcset=\"https:\/\/www.andreas-edler.de\/blog\/wp-content\/uploads\/2026\/03\/2015-08-09-10.24.20-250x161.jpg 250w, https:\/\/www.andreas-edler.de\/blog\/wp-content\/uploads\/2026\/03\/2015-08-09-10.24.20-470x302.jpg 470w, https:\/\/www.andreas-edler.de\/blog\/wp-content\/uploads\/2026\/03\/2015-08-09-10.24.20-768x494.jpg 768w, https:\/\/www.andreas-edler.de\/blog\/wp-content\/uploads\/2026\/03\/2015-08-09-10.24.20-100x64.jpg 100w, https:\/\/www.andreas-edler.de\/blog\/wp-content\/uploads\/2026\/03\/2015-08-09-10.24.20-150x96.jpg 150w, https:\/\/www.andreas-edler.de\/blog\/wp-content\/uploads\/2026\/03\/2015-08-09-10.24.20-200x129.jpg 200w, https:\/\/www.andreas-edler.de\/blog\/wp-content\/uploads\/2026\/03\/2015-08-09-10.24.20-300x193.jpg 300w, https:\/\/www.andreas-edler.de\/blog\/wp-content\/uploads\/2026\/03\/2015-08-09-10.24.20-450x289.jpg 450w, https:\/\/www.andreas-edler.de\/blog\/wp-content\/uploads\/2026\/03\/2015-08-09-10.24.20-600x386.jpg 600w, https:\/\/www.andreas-edler.de\/blog\/wp-content\/uploads\/2026\/03\/2015-08-09-10.24.20-900x579.jpg 900w, https:\/\/www.andreas-edler.de\/blog\/wp-content\/uploads\/2026\/03\/2015-08-09-10.24.20.jpg 1280w\" sizes=\"auto, (max-width: 250px) 100vw, 250px\" \/><\/a><figcaption id=\"caption-attachment-174747\" class=\"wp-caption-text\">Gleichalte Freunde.<\/figcaption><\/figure> Davor war ich vielleicht zwei Wochen nicht bei meiner Mama und in der Zeit hat der Hund ziemlich abgebaut. Dass es dann innerhalb einer Woche zu Ende ging, hatte ich auch nicht erwartet. Als meine Mama redete, hatte ich Tr\u00e4nen in den Augen.<\/p>\n<p>Nachwuchs 2.0 hat es aber erwartungsgem\u00e4\u00df noch viel schlimmer getroffen. Der ist richtig fertig. Kein Wunder, die beiden waren richtig dicke Freunde. Mach&#8217;s gut, Dexter!<\/p>\n","protected":false},"excerpt":{"rendered":"<p>Ich kenne mein Elternhaus von Geburt an nur mit Hund. Zuerst der dunkle Langhaardackel Flori, gefolgt vom ebenso langhaarigen Dackel &#8230; Flori. Leider sehr fr\u00fch an Rattengift gestorben. Danach zog Langhaardackeldame Susi ein. Ihr wurde ein Postauto zum Verh\u00e4ngnis. Dann &hellip;<\/p>\n<p class=\"read-more\"> <a class=\"more-link\" href=\"https:\/\/www.andreas-edler.de\/blog\/2026\/03\/dexter-2014-bis-2026\/\"> <span class=\"screen-reader-text\">Dexter &#8211; 2014 bis 2026<\/span> Weiterlesen &raquo;<\/a><\/p>\n","protected":false},"author":1,"featured_media":174748,"comment_status":"open","ping_status":"open","sticky":false,"template":"","format":"standard","meta":{"ngg_post_thumbnail":0,"activitypub_content_warning":"","activitypub_content_visibility":"","activitypub_max_image_attachments":2,"activitypub_interaction_policy_quote":"anyone","activitypub_status":"federated","footnotes":""},"categories":[1],"tags":[146,183],"class_list":["post-174746","post","type-post","status-publish","format-standard","has-post-thumbnail","hentry","category-allgemein","tag-familie","tag-tiere"],"share_on_mastodon":{"url":"https:\/\/social.tchncs.de\/@filmfacts\/116267892089361613","error":""},"_links":{"self":[{"href":"https:\/\/www.andreas-edler.de\/blog\/wp-json\/wp\/v2\/posts\/174746","targetHints":{"allow":["GET"]}}],"collection":[{"href":"https:\/\/www.andreas-edler.de\/blog\/wp-json\/wp\/v2\/posts"}],"about":[{"href":"https:\/\/www.andreas-edler.de\/blog\/wp-json\/wp\/v2\/types\/post"}],"author":[{"embeddable":true,"href":"https:\/\/www.andreas-edler.de\/blog\/wp-json\/wp\/v2\/users\/1"}],"replies":[{"embeddable":true,"href":"https:\/\/www.andreas-edler.de\/blog\/wp-json\/wp\/v2\/comments?post=174746"}],"version-history":[{"count":4,"href":"https:\/\/www.andreas-edler.de\/blog\/wp-json\/wp\/v2\/posts\/174746\/revisions"}],"predecessor-version":[{"id":174757,"href":"https:\/\/www.andreas-edler.de\/blog\/wp-json\/wp\/v2\/posts\/174746\/revisions\/174757"}],"wp:featuredmedia":[{"embeddable":true,"href":"https:\/\/www.andreas-edler.de\/blog\/wp-json\/wp\/v2\/media\/174748"}],"wp:attachment":[{"href":"https:\/\/www.andreas-edler.de\/blog\/wp-json\/wp\/v2\/media?parent=174746"}],"wp:term":[{"taxonomy":"category","embeddable":true,"href":"https:\/\/www.andreas-edler.de\/blog\/wp-json\/wp\/v2\/categories?post=174746"},{"taxonomy":"post_tag","embeddable":true,"href":"https:\/\/www.andreas-edler.de\/blog\/wp-json\/wp\/v2\/tags?post=174746"}],"curies":[{"name":"wp","href":"https:\/\/api.w.org\/{rel}","templated":true}]}}