{"id":174669,"date":"2026-02-22T14:15:30","date_gmt":"2026-02-22T13:15:30","guid":{"rendered":"https:\/\/www.andreas-edler.de\/blog\/?p=174669"},"modified":"2026-02-22T14:23:22","modified_gmt":"2026-02-22T13:23:22","slug":"breitbandausbau-graue-flecken","status":"publish","type":"post","link":"https:\/\/www.andreas-edler.de\/blog\/2026\/02\/breitbandausbau-graue-flecken\/","title":{"rendered":"Breitbandausbau &#8222;graue Flecken&#8220;"},"content":{"rendered":"<p>In der letzten Ratssitzung haben wir \u00fcber den Start eines F\u00f6rderprogrammes zum weiteren Ausbau von Glasfaseranschl\u00fcssen in Bad Oeynhausen, Porta Westfalica und Minden abgestimmt. In diesem TOP ging es nur um vorbereitende Ma\u00dfnahmen. Das Projekt wurde uns bereits im \u00c4ltestenrat vorgestellt &#8211; inkl. der Kosten, welche die Stadt Bad Oeynhausen zu schultern h\u00e4tte, w\u00fcrde es zu einem Ausbau kommen. Und da sind wir dann im siebenstelligen Bereich. Und ich gehe nicht davon aus, dass der sehr niedrig sein wird. Dazu stand in der aktuellen Druckvorlage vorsorglich nichts und auch auf meine explizite Nachfrage wurde nicht direkt geantwortet, sondern nur erl\u00e4utert, dass wir mit <strong>diesem<\/strong> Beschluss zun\u00e4chst keine Kosten erzeugen.<\/p>\n<p>Ich hatte bereits im \u00c4ltestenrat angemerkt, dass ich die immensen Kosten kritisch sehe und denke, dass hier eher die Provider in der Pflicht sind. Die sch\u00f6pfen regelm\u00e4\u00dfig nur die Sahnehaube ab und alles was Einsatz f\u00fcr die Allgemeinheit erfordert und nicht direkt Gewinn verspricht, wird ausgelassen. Es sei denn, der Staat (oder die Kommune) bezahlt den Gewinn. Zudem ist es meines Erachtens sehr unsch\u00f6n, dass die alten Kupferleitungen f\u00fcr den TV-Empfang als &#8222;Gigabit&#8220; z\u00e4hlen und dort wo diese Koaxkabel liegen, auch keine Glasfaser kommen soll. Alles Gr\u00fcnde, die dazu gef\u00fchrt haben, dass Christian Fitte und ich uns bei dem TOP enthalten haben!<\/p>\n<p>Ja, &#8222;Enthaltung&#8220; ist immer ein schwaches Schwert. Aber ich sehe auch die Menschen, die so einen Anschluss haben wollen. Insofern ist diese Enthaltung kein striktes &#8222;Nein&#8220;, sondern ein Aufzeigen &#8211; und deshalb habe ich danach gefragt &#8211; der Kosten und dass wir schon genau hingucken m\u00fcssen, was passiert.<\/p>\n<p><cite>NW vom 21.02.2026: <strong><a href=\"https:\/\/www.nw.de\/lokal\/kreis_minden_luebbecke\/bad_oeynhausen\/24276314_Erste-Zustimmung-fuer-schnelles-Internet-in-Bad-Oeynhausen.html\" target=\"_new\">Erste Zustimmung f\u00fcr schnelles Internet in Bad Oeynhausen<\/a><\/strong><br \/>\n[&#8230;] Lediglich Andreas Edler und Christian Fitte (Gr\u00fcne) sowie Achim Baeck (FDP), Aidan Grabowski (Jurats), Andreas Korff und Lutz Schr\u00f6ter (BBO) stimmten gegen das Glasfaser-L\u00fcckenschlussprogramm. [&#8230;]<\/cite><\/p>\n<p>In der Neuen Westf\u00e4lischen ist das leider nicht korrekt widergegeben worden.<\/p>\n","protected":false},"excerpt":{"rendered":"<p>In der letzten Ratssitzung haben wir \u00fcber den Start eines F\u00f6rderprogrammes zum weiteren Ausbau von Glasfaseranschl\u00fcssen in Bad Oeynhausen, Porta Westfalica und Minden abgestimmt. In diesem TOP ging es nur um vorbereitende Ma\u00dfnahmen. Das Projekt wurde uns bereits im \u00c4ltestenrat &hellip;<\/p>\n<p class=\"read-more\"> <a class=\"more-link\" href=\"https:\/\/www.andreas-edler.de\/blog\/2026\/02\/breitbandausbau-graue-flecken\/\"> <span class=\"screen-reader-text\">Breitbandausbau &#8222;graue Flecken&#8220;<\/span> Weiterlesen &raquo;<\/a><\/p>\n","protected":false},"author":1,"featured_media":0,"comment_status":"open","ping_status":"open","sticky":false,"template":"","format":"standard","meta":{"ngg_post_thumbnail":0,"activitypub_content_warning":"","activitypub_content_visibility":"","activitypub_max_image_attachments":2,"activitypub_interaction_policy_quote":"anyone","activitypub_status":"federated","footnotes":""},"categories":[14,45],"tags":[533,543,208,608,34,59,77,530],"class_list":["post-174669","post","type-post","status-publish","format-standard","hentry","category-bad-oeynhausen","category-politik","tag-breitband","tag-glasfaser","tag-haushalt","tag-kommunalpolitik","tag-kommunikation","tag-presse","tag-stadtrat","tag-telekommunikation"],"share_on_mastodon":{"url":"https:\/\/social.tchncs.de\/@filmfacts\/116114465175664441","error":""},"_links":{"self":[{"href":"https:\/\/www.andreas-edler.de\/blog\/wp-json\/wp\/v2\/posts\/174669","targetHints":{"allow":["GET"]}}],"collection":[{"href":"https:\/\/www.andreas-edler.de\/blog\/wp-json\/wp\/v2\/posts"}],"about":[{"href":"https:\/\/www.andreas-edler.de\/blog\/wp-json\/wp\/v2\/types\/post"}],"author":[{"embeddable":true,"href":"https:\/\/www.andreas-edler.de\/blog\/wp-json\/wp\/v2\/users\/1"}],"replies":[{"embeddable":true,"href":"https:\/\/www.andreas-edler.de\/blog\/wp-json\/wp\/v2\/comments?post=174669"}],"version-history":[{"count":3,"href":"https:\/\/www.andreas-edler.de\/blog\/wp-json\/wp\/v2\/posts\/174669\/revisions"}],"predecessor-version":[{"id":174673,"href":"https:\/\/www.andreas-edler.de\/blog\/wp-json\/wp\/v2\/posts\/174669\/revisions\/174673"}],"wp:attachment":[{"href":"https:\/\/www.andreas-edler.de\/blog\/wp-json\/wp\/v2\/media?parent=174669"}],"wp:term":[{"taxonomy":"category","embeddable":true,"href":"https:\/\/www.andreas-edler.de\/blog\/wp-json\/wp\/v2\/categories?post=174669"},{"taxonomy":"post_tag","embeddable":true,"href":"https:\/\/www.andreas-edler.de\/blog\/wp-json\/wp\/v2\/tags?post=174669"}],"curies":[{"name":"wp","href":"https:\/\/api.w.org\/{rel}","templated":true}]}}