{"id":174633,"date":"2026-02-21T12:48:47","date_gmt":"2026-02-21T11:48:47","guid":{"rendered":"https:\/\/www.andreas-edler.de\/blog\/?p=174633"},"modified":"2026-02-21T12:48:47","modified_gmt":"2026-02-21T11:48:47","slug":"peugeot-e-208-gt","status":"publish","type":"post","link":"https:\/\/www.andreas-edler.de\/blog\/2026\/02\/peugeot-e-208-gt\/","title":{"rendered":"Peugeot E 208 GT"},"content":{"rendered":"<p>Der gro\u00dfe Junge hat damals, als er <a href=\"https:\/\/www.andreas-edler.de\/blog\/2021\/10\/jetzt-ist-er-weg\/\" target=\"_blank\">nach Siegen auswanderte<\/a>, einen Fiat Panda TwinAir Lounge mit Duomatic bekommen. Ein grunds\u00e4tzlich solides und ger\u00e4umiges Fahrzeug, dass Nachwuchs 1.0 fast vier Jahre lang weitestgehend zuverl\u00e4ssig von A nach B gebracht hat. Auch wenn ich ihn zweimal <a href=\"https:\/\/www.andreas-edler.de\/blog\/2026\/01\/fiat-panda-schon-wieder-verreckt\/\" target=\"_blank\">abschleppen musste<\/a>! Das hat mich ein bisschen kirre gemacht. Es ist zwar &#8222;nur&#8220; die alte Batterie, welche f\u00fcr die Schaltaussetzer sorgt, aber ich war unruhig. Und micht nervte moralisch auch, dass es ein Verbrenner ist, der ja doch recht regelm\u00e4\u00dfig \u00fcberschaubar lange Strecken gefahren wird. Genau daf\u00fcr ist ein Elektroauto deutlich geeigneter.<\/p>\n<p>Das habe ich nach dem letzten Stillstand des Panda kurz vor einer Autobahnabfahrt auch ge\u00e4u\u00dfert und der Student ist nach ein bisschen Z\u00f6gern angefangen, nach Fahrzeugen mit elektrischem Antrieb zu schauen. F\u00fcr den Panda w\u00fcrden wir noch einen mittleren vierstelligen Betrag bekommen, vielleicht gibt Oma was dazu und den Rest w\u00fcrden wir sponsoren. Ich hatte einen Inster im Visier, der Grande Panda ist zu neu und zu teuer, ein <a href=\"https:\/\/www.andreas-edler.de\/blog\/2020\/10\/testfahrt-im-e-go-life-60\/\" target=\"_blank\">e-Go<\/a> zu klein und zu servicelos und \u00fcberhaupt wollte der Junge ein Auto mit einem halbwegs gro\u00dfen Kofferraum, den er f\u00fcr den Job als studentische Hilfskraft ben\u00f6tigt.<\/p>\n<p><figure id=\"attachment_174638\" aria-describedby=\"caption-attachment-174638\" style=\"width: 250px\" class=\"wp-caption alignright\"><a href=\"https:\/\/www.andreas-edler.de\/blog\/wp-content\/uploads\/2026\/02\/2026-02-18-08.10.36.jpg\"><img loading=\"lazy\" decoding=\"async\" src=\"https:\/\/www.andreas-edler.de\/blog\/wp-content\/uploads\/2026\/02\/2026-02-18-08.10.36-250x122.jpg\" alt=\"Von schr\u00e4g links hinten fotografiert: ein blauer Peugeot E 208 GT und rechts daneben ein roter Skoda Yeti Monte Carlo vor einem Einfamilienhaus mit Garten.\" width=\"250\" height=\"122\" class=\"size-medium wp-image-174638\" srcset=\"https:\/\/www.andreas-edler.de\/blog\/wp-content\/uploads\/2026\/02\/2026-02-18-08.10.36-250x122.jpg 250w, https:\/\/www.andreas-edler.de\/blog\/wp-content\/uploads\/2026\/02\/2026-02-18-08.10.36-470x229.jpg 470w, https:\/\/www.andreas-edler.de\/blog\/wp-content\/uploads\/2026\/02\/2026-02-18-08.10.36-768x374.jpg 768w, https:\/\/www.andreas-edler.de\/blog\/wp-content\/uploads\/2026\/02\/2026-02-18-08.10.36-100x49.jpg 100w, https:\/\/www.andreas-edler.de\/blog\/wp-content\/uploads\/2026\/02\/2026-02-18-08.10.36-150x73.jpg 150w, https:\/\/www.andreas-edler.de\/blog\/wp-content\/uploads\/2026\/02\/2026-02-18-08.10.36-200x97.jpg 200w, https:\/\/www.andreas-edler.de\/blog\/wp-content\/uploads\/2026\/02\/2026-02-18-08.10.36-300x146.jpg 300w, https:\/\/www.andreas-edler.de\/blog\/wp-content\/uploads\/2026\/02\/2026-02-18-08.10.36-450x219.jpg 450w, https:\/\/www.andreas-edler.de\/blog\/wp-content\/uploads\/2026\/02\/2026-02-18-08.10.36-600x292.jpg 600w, https:\/\/www.andreas-edler.de\/blog\/wp-content\/uploads\/2026\/02\/2026-02-18-08.10.36-900x438.jpg 900w, https:\/\/www.andreas-edler.de\/blog\/wp-content\/uploads\/2026\/02\/2026-02-18-08.10.36.jpg 1280w\" sizes=\"auto, (max-width: 250px) 100vw, 250px\" \/><\/a><figcaption id=\"caption-attachment-174638\" class=\"wp-caption-text\">Auto von Papa und Sohn. Kein grau, kein schwarz, kein silber.<\/figcaption><\/figure> In Paderborn hat er dann bei Mark\u00f6tter einen Peugeot gefunden, in der sich mal reingesetzt hat und dann halbwegs begeistert (f\u00fcr einen Ostwestfalen) einen Threema-Videochat startete, um mir die Vorteile des KFZ anzupreisen. Der Preis war etwas \u00fcber dem angepeilten Budget, so dass erst andere H\u00e4ndler abgesucht wurden. Aber der 208 in der GT-Version scheint gesucht (und sieht auch besser als der &#8222;normale&#8220; aus). So sind wir dann in Paderborn geblieben und haben die Abmeldung des Panda, die Anmeldung des 208 und die weiteren Formalit\u00e4ten in die H\u00e4nde des H\u00e4ndlers gegeben. Die \u00dcbergabe hat sich leider aus verschiedenen, nicht von uns verantworteten Gr\u00fcnden, um ein paar Tage verz\u00f6gert, aber seit einer halben Woche ist nun ein blaues Auto Teil des Fuhrparks.<\/p>\n<p>Ich bin auch einmal testweise 20 Minuten gefahren und bin recht angetan. Ist \u00e4hnlich flink wie der Fiat 500e, hinten und im Kofferraum etwas gr\u00f6\u00dfer und f\u00e4hrt *deutlich* angenehmer als der Panda. Der machte zwar einen infernalischen L\u00e4rm, welches den jungen Leuten irgendwie gefiel, ich stehe aber mehr auf das elektrische Ger\u00e4usch. Der 208 ist einfach eine ganze Nummer besser. Nunja, und 6 Jahre j\u00fcnger. Mit 51.000 Kilometern auf dem Tacho nicht taufrisch, aber sehr gut beieinander.<\/p>\n<p>Jedenfalls kann man inzwischen gebrauchte Elektroautos kaufen!<\/p>\n","protected":false},"excerpt":{"rendered":"<p>Der gro\u00dfe Junge hat damals, als er nach Siegen auswanderte, einen Fiat Panda TwinAir Lounge mit Duomatic bekommen. Ein grunds\u00e4tzlich solides und ger\u00e4umiges Fahrzeug, dass Nachwuchs 1.0 fast vier Jahre lang weitestgehend zuverl\u00e4ssig von A nach B gebracht hat. Auch &hellip;<\/p>\n<p class=\"read-more\"> <a class=\"more-link\" href=\"https:\/\/www.andreas-edler.de\/blog\/2026\/02\/peugeot-e-208-gt\/\"> <span class=\"screen-reader-text\">Peugeot E 208 GT<\/span> Weiterlesen &raquo;<\/a><\/p>\n","protected":false},"author":1,"featured_media":174634,"comment_status":"open","ping_status":"open","sticky":false,"template":"","format":"standard","meta":{"ngg_post_thumbnail":0,"activitypub_content_warning":"","activitypub_content_visibility":"","activitypub_max_image_attachments":2,"activitypub_interaction_policy_quote":"anyone","activitypub_status":"federated","footnotes":""},"categories":[13],"tags":[37,239,532,168,64,182,676],"class_list":["post-174633","post","type-post","status-publish","format-standard","has-post-thumbnail","hentry","category-verkehr","tag-auto","tag-elektromobilitaet","tag-energiewende","tag-klimafreundliche-mobilitaet","tag-konsum","tag-nachwuchs-1-0","tag-peugeot-e-208-gt"],"share_on_mastodon":{"url":"https:\/\/social.tchncs.de\/@filmfacts\/116108462006915145","error":""},"_links":{"self":[{"href":"https:\/\/www.andreas-edler.de\/blog\/wp-json\/wp\/v2\/posts\/174633","targetHints":{"allow":["GET"]}}],"collection":[{"href":"https:\/\/www.andreas-edler.de\/blog\/wp-json\/wp\/v2\/posts"}],"about":[{"href":"https:\/\/www.andreas-edler.de\/blog\/wp-json\/wp\/v2\/types\/post"}],"author":[{"embeddable":true,"href":"https:\/\/www.andreas-edler.de\/blog\/wp-json\/wp\/v2\/users\/1"}],"replies":[{"embeddable":true,"href":"https:\/\/www.andreas-edler.de\/blog\/wp-json\/wp\/v2\/comments?post=174633"}],"version-history":[{"count":7,"href":"https:\/\/www.andreas-edler.de\/blog\/wp-json\/wp\/v2\/posts\/174633\/revisions"}],"predecessor-version":[{"id":174642,"href":"https:\/\/www.andreas-edler.de\/blog\/wp-json\/wp\/v2\/posts\/174633\/revisions\/174642"}],"wp:featuredmedia":[{"embeddable":true,"href":"https:\/\/www.andreas-edler.de\/blog\/wp-json\/wp\/v2\/media\/174634"}],"wp:attachment":[{"href":"https:\/\/www.andreas-edler.de\/blog\/wp-json\/wp\/v2\/media?parent=174633"}],"wp:term":[{"taxonomy":"category","embeddable":true,"href":"https:\/\/www.andreas-edler.de\/blog\/wp-json\/wp\/v2\/categories?post=174633"},{"taxonomy":"post_tag","embeddable":true,"href":"https:\/\/www.andreas-edler.de\/blog\/wp-json\/wp\/v2\/tags?post=174633"}],"curies":[{"name":"wp","href":"https:\/\/api.w.org\/{rel}","templated":true}]}}