{"id":174628,"date":"2026-02-14T23:58:42","date_gmt":"2026-02-14T22:58:42","guid":{"rendered":"https:\/\/www.andreas-edler.de\/blog\/?p=174628"},"modified":"2026-02-21T17:03:30","modified_gmt":"2026-02-21T16:03:30","slug":"vabali-hamburg-und-michael-jackson","status":"publish","type":"post","link":"https:\/\/www.andreas-edler.de\/blog\/2026\/02\/vabali-hamburg-und-michael-jackson\/","title":{"rendered":"Vabali Hamburg und Michael Jackson"},"content":{"rendered":"<p>1997 waren meine damalige Freundin und ich in Bremen auf der HiStory-Tour von Michael Jackson. Es gab zwei Konzerte in dem Jahr in Bremen und ich kann mir sehr gut vorstellen, dass wir am 31.05.1997 dort waren. Das w\u00e4re unser 6. Jahrestag gewesen ;-)<\/p>\n<p>Knapp 30 Jahre sp\u00e4ter habe ich der &#8211; inzwischen &#8211; Frau zu Weihnachten den Besuch des Michael-Jackson-Musicals in Hamburg geschenkt. Wir k\u00f6nnen uns sicher nicht an Details des Konzertes im Stadion vor drei Jahrzehnten erinnern, aber die Erwartungen an das Musical waren hoch! Wir haben ein bisschen \u00fcberlegt, wie wir das Wochenende gestalten und ich habe auch ganz bewusst nichts im Voraus drum herum gebucht. Letztendlich war f\u00fcr Alex klar, dass sie <a href=\"https:\/\/www.andreas-edler.de\/blog\/2023\/03\/kurztrip-nach-duesseldorf-vabali-spa\/\" target=\"_blank\">ins Vabali<\/a> m\u00f6chte, welches wir aus D\u00fcsseldorf bereits kannten. Also einen Tag vorher anreisen, im Hotel \u00fcbernachten und dann ab ins Musical.<\/p>\n<p>So haben wir es dann auch gemacht! Der Einfachheit halber gibt es hier im Folgenden die Google-Rezensionen :-)<\/p>\n<h3><a href=\"https:\/\/www.vabali.de\/hamburg\/\" target=\"_blank\">Vabali Hamburg<\/a><\/h3>\n<figure id=\"attachment_174653\" aria-describedby=\"caption-attachment-174653\" style=\"width: 470px\" class=\"wp-caption aligncenter\"><a href=\"https:\/\/www.andreas-edler.de\/blog\/wp-content\/uploads\/2026\/02\/2026-02-13-10.53.25.jpg\"><img loading=\"lazy\" decoding=\"async\" src=\"https:\/\/www.andreas-edler.de\/blog\/wp-content\/uploads\/2026\/02\/2026-02-13-10.53.25-470x290.jpg\" alt=\"\" width=\"470\" height=\"290\" class=\"size-large wp-image-174653\" srcset=\"https:\/\/www.andreas-edler.de\/blog\/wp-content\/uploads\/2026\/02\/2026-02-13-10.53.25-470x290.jpg 470w, https:\/\/www.andreas-edler.de\/blog\/wp-content\/uploads\/2026\/02\/2026-02-13-10.53.25-250x154.jpg 250w, https:\/\/www.andreas-edler.de\/blog\/wp-content\/uploads\/2026\/02\/2026-02-13-10.53.25-768x473.jpg 768w, https:\/\/www.andreas-edler.de\/blog\/wp-content\/uploads\/2026\/02\/2026-02-13-10.53.25-100x62.jpg 100w, https:\/\/www.andreas-edler.de\/blog\/wp-content\/uploads\/2026\/02\/2026-02-13-10.53.25-150x92.jpg 150w, https:\/\/www.andreas-edler.de\/blog\/wp-content\/uploads\/2026\/02\/2026-02-13-10.53.25-200x123.jpg 200w, https:\/\/www.andreas-edler.de\/blog\/wp-content\/uploads\/2026\/02\/2026-02-13-10.53.25-300x185.jpg 300w, https:\/\/www.andreas-edler.de\/blog\/wp-content\/uploads\/2026\/02\/2026-02-13-10.53.25-450x277.jpg 450w, https:\/\/www.andreas-edler.de\/blog\/wp-content\/uploads\/2026\/02\/2026-02-13-10.53.25-600x370.jpg 600w, https:\/\/www.andreas-edler.de\/blog\/wp-content\/uploads\/2026\/02\/2026-02-13-10.53.25-900x555.jpg 900w, https:\/\/www.andreas-edler.de\/blog\/wp-content\/uploads\/2026\/02\/2026-02-13-10.53.25.jpg 1280w\" sizes=\"auto, (max-width: 470px) 100vw, 470px\" \/><\/a><figcaption id=\"caption-attachment-174653\" class=\"wp-caption-text\">Andreas geht ins Vabali<\/figcaption><\/figure>\n<p><cite>Wir waren bereits zweimal im Vabali D\u00fcsseldorf und wollten nun einen Tag in Hamburg verbringen und am n\u00e4chsten Tag in ein Musical.<br \/>\n<br \/>\nDie Anlagen in D\u00fcsseldorf und im Norden Deutschlands sind augenscheinlich identisch aufgebaut. Wir haben uns auf Anhieb zurecht gefunden. Nat\u00fcrlich es au\u00dfen nicht gleich, da das Gel\u00e4nde sich unterscheidet. In D\u00fcsseldorf ist es \u00fcbrigens wesentlich sch\u00f6ner, da man dort auf den gro\u00dfen See schaut. Daf\u00fcr gibt es in Hamburg einen (im Winter eiskalten!) Naturteich zum Abk\u00fchlen.<br \/>\n<br \/>\nWir sind an einem Freitag ohne Reservierung gegen 11 Uhr problemlos eingelassen worden und auch in der Anlage war es zwar voll, aber noch angenehm. Ich fand die Saunen alle recht &#8222;k\u00fchl&#8220;, auch die 80\u00b0C und 90\u00b0C Saunen! In der Seesauna au\u00dfen habe ich gar gefr\u00f6stelt und bin nicht einmal angefangen zu schwitzen. Kam mir aber ausnahmsweise gelegen, weil ich ziemlich Kopfweh hatte. Die bessere H\u00e4lfte hat zwei Aufg\u00fcsse mitgemacht, die extrem stark besucht waren. Unsch\u00f6n. Da k\u00f6nnte man vielleicht auch einfach mal sagen: Leute, es ist voll.<br \/>\n<br \/>\nEinen anderen Aufguss hat sie verpasst, weil Mitarbeitenden augenscheinlich nicht wussten, was wann wo stattfindet und sie von der korrekten Sauna wegschickten, um woanders zu warten &#8211; wo dann aber nichts war. Auch eher geht so.<br \/>\n<br \/>\nGegessen haben wir im nicht billigen, aber dem gebotenen preislich angemessenem Restaurant. Wir hatten beide den Vabali-Burger mit Getr\u00e4nk, welche beide sehr gut schmeckten und ausreichend dimensioniert waren. Der Service war \u00fcberall freundlich!<br \/>\n<br \/>\nBesonders gut gefallen hat uns, dass die reservierten Liegen regelm\u00e4\u00dfig vom Personal abger\u00e4umt und freigemacht wurden! Leider halten sich einige wenige nicht an die Regeln und meinen die vermeintlich besten M\u00f6bel dauerhaft f\u00fcr sich beanspruchen zu d\u00fcrfen.<br \/>\n<br \/>\nEin angenehmer Besuch, aber vielleicht den Kopfschmerzen geschuldet nicht ganz so toll, wie die beiden Male in D\u00fcsseldorf. Meiner Frau hat es jedenfalls sehr gut gefallen.<\/cite><\/p>\n<h3><a href=\"https:\/\/hotelclass.de\/\" target=\"_blank\">Hotel Class<\/a><\/h3>\n<figure id=\"attachment_174654\" aria-describedby=\"caption-attachment-174654\" style=\"width: 470px\" class=\"wp-caption aligncenter\"><a href=\"https:\/\/www.andreas-edler.de\/blog\/wp-content\/uploads\/2026\/02\/2026-02-13-19.25.45.jpg\"><img loading=\"lazy\" decoding=\"async\" src=\"https:\/\/www.andreas-edler.de\/blog\/wp-content\/uploads\/2026\/02\/2026-02-13-19.25.45-470x232.jpg\" alt=\"\" width=\"470\" height=\"232\" class=\"size-large wp-image-174654\" srcset=\"https:\/\/www.andreas-edler.de\/blog\/wp-content\/uploads\/2026\/02\/2026-02-13-19.25.45-470x232.jpg 470w, https:\/\/www.andreas-edler.de\/blog\/wp-content\/uploads\/2026\/02\/2026-02-13-19.25.45-250x124.jpg 250w, https:\/\/www.andreas-edler.de\/blog\/wp-content\/uploads\/2026\/02\/2026-02-13-19.25.45-768x380.jpg 768w, https:\/\/www.andreas-edler.de\/blog\/wp-content\/uploads\/2026\/02\/2026-02-13-19.25.45-100x49.jpg 100w, https:\/\/www.andreas-edler.de\/blog\/wp-content\/uploads\/2026\/02\/2026-02-13-19.25.45-150x74.jpg 150w, https:\/\/www.andreas-edler.de\/blog\/wp-content\/uploads\/2026\/02\/2026-02-13-19.25.45-200x99.jpg 200w, https:\/\/www.andreas-edler.de\/blog\/wp-content\/uploads\/2026\/02\/2026-02-13-19.25.45-300x148.jpg 300w, https:\/\/www.andreas-edler.de\/blog\/wp-content\/uploads\/2026\/02\/2026-02-13-19.25.45-450x223.jpg 450w, https:\/\/www.andreas-edler.de\/blog\/wp-content\/uploads\/2026\/02\/2026-02-13-19.25.45-600x297.jpg 600w, https:\/\/www.andreas-edler.de\/blog\/wp-content\/uploads\/2026\/02\/2026-02-13-19.25.45-900x445.jpg 900w, https:\/\/www.andreas-edler.de\/blog\/wp-content\/uploads\/2026\/02\/2026-02-13-19.25.45.jpg 1280w\" sizes=\"auto, (max-width: 470px) 100vw, 470px\" \/><\/a><figcaption id=\"caption-attachment-174654\" class=\"wp-caption-text\">Unser Zimmer im Hotel Class<\/figcaption><\/figure>\n<p><cite>Das Hotel Class liegt mit dem Auto ca. 10 Minuten vom Stage Theater entfernt und bietet sich als \u00dcbernachtungsm\u00f6glichkeit an. Es liegt sehr schmucklos in einem Gewerbegebiet. Daher war es dort in der Nacht von Freitag auf Samstag und am Morgen sehr ruhig. Von au\u00dfen erkennt man das Hotel nur an den Hinweisschildern. Der Eingang war unbeleuchtet und man steht sofort vor einem Fahrstuhl, neben dem ein Schild auf die Rezeption im ersten Stock hinweist.<br \/>\n<br \/>\nDort wurden wir ausgesprochen freundlich, gut gelaunt und hilfsbereit empfangen! Die Zimmerschl\u00fcssel wurden ausgeh\u00e4ndigt und wir konnten den Raum im 2. Stock beziehen. Die G\u00e4nge, der Fahrstuhl und auch das \u00fcberraschend gro\u00dfe Zimmer waren sehr sauber. Die Einrichtung ist funktional und angenehm, aber nicht &#8222;heimelig&#8220;. Es scheint ein fr\u00fcher anders genutztes Geb\u00e4ude zu sein, mit sehr hohen, mit Deckenplatten abgeh\u00e4ngten Zwischendecken. Das Bad war gro\u00df und ebenfalls sauber. Das Bett war sch\u00f6n hart. Ich mag es nicht, in der Matratze zu versinken. Den kleinen Fernseher an der Wand haben wir nicht genutzt. Auch nicht die M\u00f6glichkeit, uns auf dem Zimmer kostenlos Kaffee oder Tee zu bereiten.<br \/>\n<br \/>\nDas Fr\u00fchst\u00fcck am n\u00e4chsten Morgen nahmen wir in einem gro\u00dfen Raum auf der gleichen Etage ein, der ebenfalls ansprechend eingerichtet war. Die Auswahl der Speisen war angemessen und alles schmeckte sehr gut und wurde regelm\u00e4\u00dfig aufgef\u00fcllt. Auch war der Service sehr freundlich und gut gelaunt.<br \/>\n<br \/>\nParkpl\u00e4tze standen vor dem Hotel in ausreichender Menge kostenlos zur Verf\u00fcgung. F\u00fcr eine Nacht oder auch ein Wochenende als Startpunkt f\u00fcr Ausfl\u00fcge sehr zu empfehlen.<br \/>\n<br \/>\nDen einen Punkt Abzug gebe ich allerdings f\u00fcr die Hellh\u00f6rigkeit! Ich konnte zun\u00e4chst nicht einschlafen, weil die Heizung sehr laut gluckerte und ich etwas brauchte, um das Ger\u00e4usch zu lokalisieren. Es knarzte best\u00e4ndig, wenn sich jemand augenscheinlich in einem anderen Zimmer bewegte und man konnte Gespr\u00e4che aus den Nebenzimmern fast mith\u00f6ren &#8211; auch wenn offensichtlich in normaler Lautst\u00e4rke gesprochen wurde.<br \/>\n<br \/>\nAber ansonsten wirklich gut. Alle sehr nett, alles sehr sauber, gut zu erreichen und ich w\u00fcrde auch noch einmal dort buchen!<\/cite><\/p>\n<h3><a href=\"https:\/\/maps.app.goo.gl\/okU9963v78wG9yMw7\" target=\"_blank\">Parkplatz Stage Theater in Hamburg Hafen<\/a><\/h3>\n<figure id=\"attachment_174655\" aria-describedby=\"caption-attachment-174655\" style=\"width: 470px\" class=\"wp-caption aligncenter\"><a href=\"https:\/\/www.andreas-edler.de\/blog\/wp-content\/uploads\/2026\/02\/2026-02-14-11.15.01.jpg\"><img loading=\"lazy\" decoding=\"async\" src=\"https:\/\/www.andreas-edler.de\/blog\/wp-content\/uploads\/2026\/02\/2026-02-14-11.15.01-470x260.jpg\" alt=\"\" width=\"470\" height=\"260\" class=\"size-large wp-image-174655\" srcset=\"https:\/\/www.andreas-edler.de\/blog\/wp-content\/uploads\/2026\/02\/2026-02-14-11.15.01-470x260.jpg 470w, https:\/\/www.andreas-edler.de\/blog\/wp-content\/uploads\/2026\/02\/2026-02-14-11.15.01-250x138.jpg 250w, https:\/\/www.andreas-edler.de\/blog\/wp-content\/uploads\/2026\/02\/2026-02-14-11.15.01-768x425.jpg 768w, https:\/\/www.andreas-edler.de\/blog\/wp-content\/uploads\/2026\/02\/2026-02-14-11.15.01-100x55.jpg 100w, https:\/\/www.andreas-edler.de\/blog\/wp-content\/uploads\/2026\/02\/2026-02-14-11.15.01-150x83.jpg 150w, https:\/\/www.andreas-edler.de\/blog\/wp-content\/uploads\/2026\/02\/2026-02-14-11.15.01-200x111.jpg 200w, https:\/\/www.andreas-edler.de\/blog\/wp-content\/uploads\/2026\/02\/2026-02-14-11.15.01-300x166.jpg 300w, https:\/\/www.andreas-edler.de\/blog\/wp-content\/uploads\/2026\/02\/2026-02-14-11.15.01-450x249.jpg 450w, https:\/\/www.andreas-edler.de\/blog\/wp-content\/uploads\/2026\/02\/2026-02-14-11.15.01-600x332.jpg 600w, https:\/\/www.andreas-edler.de\/blog\/wp-content\/uploads\/2026\/02\/2026-02-14-11.15.01-900x499.jpg 900w, https:\/\/www.andreas-edler.de\/blog\/wp-content\/uploads\/2026\/02\/2026-02-14-11.15.01.jpg 1280w\" sizes=\"auto, (max-width: 470px) 100vw, 470px\" \/><\/a><figcaption id=\"caption-attachment-174655\" class=\"wp-caption-text\">Der Parkplatz f\u00fcr &#8222;K\u00f6nig der L\u00f6wen&#8220; und &#8222;Michael Jackson&#8220;<\/figcaption><\/figure>\n<p><cite>Unsere Vorstellung begann um 14:30 Uhr. Da wir im Hotel auschecken mussten, war wir bereits um zehn nach elf Uhr auf dem Parkplatz. Da war er nat\u00fcrlich nahezu leer. Haben uns in die der Elbe am n\u00e4chsten liegende Parkreihe gestellt und mit einem prima Blick auf die Elbphilarmonie im Auto gewartet. Als wir zum Stage Theater los wollten, haben wir noch einmal umgeparkt und standen kurz vor der Ausfahrtschranke. Auch zu diesem Zeitpunkt &#8211; knapp 90 Minuten vor Vorstellungsbeginn &#8211; war der Parkplatz h\u00f6chstens ein Viertel gef\u00fcllt.<br \/>\n<br \/>\nAm Bezahlautomaten sollte man vor der Vorstellung bereits zahlen. Es werden 8 Euro f\u00fcr sechs Stunden aufgerufen. Da wir so fr\u00fch da waren, w\u00fcrde das w\u00f6glich knapp. Ab 17:10 Uhr h\u00e4tten wir dann nachzahlen m\u00fcssen. Morgens war einer der beiden Automaten \u00fcbrigens defekt, weil augenscheinlich irgendein Hochbegabter Hartgeld in den Kartenschlitz gesteckt hat.<br \/>\n<br \/>\nDie Vorstellung war dann erst um 17:30 Uhr zu Ende. Die Schlange am Automaten recht lang, der zweite Automat immer noch defekt und wir warteten, um evtl. nach zu zahlen. Um 17:45 Uhr sagte der Automat jedoch, wir h\u00e4tten ja schon bezahlt. Also vergebens angestellt, schnell zum Auto und &#8211; zack &#8211; waren wir schon auf dem Heimweg. Ist also sicher mehr als eine halbe Stunde Kulanz im Preis.<br \/>\n<br \/>\nAngenehmes Parkerlebnis!<\/cite><\/p>\n<h3><a href=\"https:\/\/www.stage-entertainment.de\/musicals-shows\/musicals-in-hamburg\" target=\"_blank\">Stage Theater in Hamburg<\/a><\/h3>\n<figure id=\"attachment_174656\" aria-describedby=\"caption-attachment-174656\" style=\"width: 470px\" class=\"wp-caption aligncenter\"><a href=\"https:\/\/www.andreas-edler.de\/blog\/wp-content\/uploads\/2026\/02\/2026-02-14-15.49.34.jpg\"><img loading=\"lazy\" decoding=\"async\" src=\"https:\/\/www.andreas-edler.de\/blog\/wp-content\/uploads\/2026\/02\/2026-02-14-15.49.34-470x279.jpg\" alt=\"\" width=\"470\" height=\"279\" class=\"size-large wp-image-174656\" srcset=\"https:\/\/www.andreas-edler.de\/blog\/wp-content\/uploads\/2026\/02\/2026-02-14-15.49.34-470x279.jpg 470w, https:\/\/www.andreas-edler.de\/blog\/wp-content\/uploads\/2026\/02\/2026-02-14-15.49.34-250x148.jpg 250w, https:\/\/www.andreas-edler.de\/blog\/wp-content\/uploads\/2026\/02\/2026-02-14-15.49.34-768x455.jpg 768w, https:\/\/www.andreas-edler.de\/blog\/wp-content\/uploads\/2026\/02\/2026-02-14-15.49.34-100x59.jpg 100w, https:\/\/www.andreas-edler.de\/blog\/wp-content\/uploads\/2026\/02\/2026-02-14-15.49.34-150x89.jpg 150w, https:\/\/www.andreas-edler.de\/blog\/wp-content\/uploads\/2026\/02\/2026-02-14-15.49.34-200x119.jpg 200w, https:\/\/www.andreas-edler.de\/blog\/wp-content\/uploads\/2026\/02\/2026-02-14-15.49.34-300x178.jpg 300w, https:\/\/www.andreas-edler.de\/blog\/wp-content\/uploads\/2026\/02\/2026-02-14-15.49.34-450x267.jpg 450w, https:\/\/www.andreas-edler.de\/blog\/wp-content\/uploads\/2026\/02\/2026-02-14-15.49.34-600x356.jpg 600w, https:\/\/www.andreas-edler.de\/blog\/wp-content\/uploads\/2026\/02\/2026-02-14-15.49.34-900x534.jpg 900w, https:\/\/www.andreas-edler.de\/blog\/wp-content\/uploads\/2026\/02\/2026-02-14-15.49.34.jpg 1280w\" sizes=\"auto, (max-width: 470px) 100vw, 470px\" \/><\/a><figcaption id=\"caption-attachment-174656\" class=\"wp-caption-text\">Alex im Stage Theater<\/figcaption><\/figure>\n<p><cite>Wir haben im Stage Theater das Michael-Jackson-Musical besucht. Parken konnten wir v\u00f6llig problemlos auf dem zum Theater geh\u00f6renden Parkplatz. Allerdings waren wir auch sehr fr\u00fch vor Ort. Nach der Vorstellung war der Parkplatz voll.<br \/>\n<br \/>\nZur angegebenen Zeit wurden wir ins Foyer gelassen und konnten nach einer kleinen Wartezeit dann auch in die gro\u00dfz\u00fcgigen und modern eingerichteten R\u00e4umlichkeiten. Tats\u00e4chlich waren wir bei dieser Vorstellung die ersten beiden, die durch die T\u00fcren gingen ;-) Flugs im Merchandising-Shop ein T-Shirt gekauft und dann hoch zur Bar vor unserem Rang, um f\u00fcr die Musical-Pause Getr\u00e4nke und eine Brezel vor zu bestellen. Das ist ein wirklich sinnvolles Angebot, um die Pause zu entzerren. Sowohl f\u00fcr die Mitarbeitenden, als auch die G\u00e4ste. Hat auch 1a geklappt. An unserem Tisch standen in der Pause die Getr\u00e4nke und der Snack und wir konnten uns bequem setzen. Dazu waren die Mitarbeitenden auch alle freundlich und zuvorkommend. Hat uns sehr gefallen!<br \/>\n<br \/>\nDas Geb\u00e4ude ist gro\u00df und weitl\u00e4ufig und trotzdem die Vorstellung nahezu ausverkauft war, hat sich das vor dem St\u00fcck und in der Pause angenehm verlaufen. Es war kein Gedr\u00e4ngel oder eng.<br \/>\n<br \/>\nWir sa\u00dfen oben im Rang rechts, ohne Menschen rechts von mir und ich merkte die Klimaanlage etwas an den Nieren. Eine Jacke \u00fcber der Stuhllehne sorgte f\u00fcr Abhilfe. Ein eher spezielles und subjektives Problem. Die Sitzreihen an sich waren f\u00fcr mich mit meinen 1,87 Metern K\u00f6rpergr\u00f6\u00dfe und 110 Kg K\u00f6rperf\u00fclle schon etwas eng. Ich war froh, dass ich die Beine nach rechts ausstrecken bzw. \u00fcbereinanderschlagen konnte. Mitten in einer Reihe w\u00e4re ich wahrscheinlich sehr unzufrieden gewesen. Allerdings ist es in unserem Theater in der Provinz noch enger!<br \/>\n<br \/>\nSehr gute R\u00e4umlichkeiten f\u00fcr vor, w\u00e4hrend und nach der Vorstellung.<\/cite><\/p>\n<h3><a href=\"https:\/\/www.stage-entertainment.de\/musicals-shows\/mj-das-michael-jackson-musical-hamburg\/\" target=\"_blank\">MH &#8211; Das Michael-Jackson-Musical<\/a><\/h3>\n<figure id=\"attachment_174657\" aria-describedby=\"caption-attachment-174657\" style=\"width: 470px\" class=\"wp-caption aligncenter\"><a href=\"https:\/\/www.andreas-edler.de\/blog\/wp-content\/uploads\/2026\/02\/2026-02-14-16.08.01.jpg\"><img loading=\"lazy\" decoding=\"async\" src=\"https:\/\/www.andreas-edler.de\/blog\/wp-content\/uploads\/2026\/02\/2026-02-14-16.08.01-470x262.jpg\" alt=\"\" width=\"470\" height=\"262\" class=\"size-large wp-image-174657\" srcset=\"https:\/\/www.andreas-edler.de\/blog\/wp-content\/uploads\/2026\/02\/2026-02-14-16.08.01-470x262.jpg 470w, https:\/\/www.andreas-edler.de\/blog\/wp-content\/uploads\/2026\/02\/2026-02-14-16.08.01-250x139.jpg 250w, https:\/\/www.andreas-edler.de\/blog\/wp-content\/uploads\/2026\/02\/2026-02-14-16.08.01-768x428.jpg 768w, https:\/\/www.andreas-edler.de\/blog\/wp-content\/uploads\/2026\/02\/2026-02-14-16.08.01-100x56.jpg 100w, https:\/\/www.andreas-edler.de\/blog\/wp-content\/uploads\/2026\/02\/2026-02-14-16.08.01-150x84.jpg 150w, https:\/\/www.andreas-edler.de\/blog\/wp-content\/uploads\/2026\/02\/2026-02-14-16.08.01-200x111.jpg 200w, https:\/\/www.andreas-edler.de\/blog\/wp-content\/uploads\/2026\/02\/2026-02-14-16.08.01-300x167.jpg 300w, https:\/\/www.andreas-edler.de\/blog\/wp-content\/uploads\/2026\/02\/2026-02-14-16.08.01-450x251.jpg 450w, https:\/\/www.andreas-edler.de\/blog\/wp-content\/uploads\/2026\/02\/2026-02-14-16.08.01-600x334.jpg 600w, https:\/\/www.andreas-edler.de\/blog\/wp-content\/uploads\/2026\/02\/2026-02-14-16.08.01-900x501.jpg 900w, https:\/\/www.andreas-edler.de\/blog\/wp-content\/uploads\/2026\/02\/2026-02-14-16.08.01.jpg 1280w\" sizes=\"auto, (max-width: 470px) 100vw, 470px\" \/><\/a><figcaption id=\"caption-attachment-174657\" class=\"wp-caption-text\">Besucherrang in der Halbzeitpause<\/figcaption><\/figure>\n<p><cite>Am Valentinstag sa\u00dfen wir in den Sitzen des Stage-Theaters und warteten darauf, dass sich der transparente Vorhang, hinter dem man das Ensemble beim Aufw\u00e4rmen beobachten kann, hebt und der King of Pop die B\u00fchne betritt. Das tat er denn auch unter begeistertem Applaus und die Geschichte begann.<br \/>\n<br \/>\nDas Musical schildert die Vorbereitung auf die 92\/93er Dangerous-Tour und zeigt in R\u00fcckblenden Szenen aus dem Leben Jacksons zu Zeiten der &#8222;Jackson Five&#8220;, der &#8222;Jacksons&#8220; und der Solokarriere des jungen Michael. Das ist mit der durch Beleuchtung, Projektion und einigen B\u00fchnenm\u00f6beln sehr beeindruckend inszeniert. Fand ich das erste Drittel noch ein wenig beh\u00e4big, nahm das Musical sp\u00e4testens mit den Liedern der Solokarriere und der damit einhergehenden Disco-Richtung Fahrt und Lautst\u00e4rke auf.<br \/>\n<br \/>\nBilly Jean, Bad, Thriller, Smooth Criminal, es war alles dabei was wir uns erwartet haben. Und auch wenn bei uns &#8222;nur&#8220; der Cover-MJ und der Cover-Michael gesungen und getanzt haben, war es doch mitrei\u00dfend. Optisch war die \u00c4hnlichkeit eher durch die Kleidung gegeben und auch die Stimme war schon anders als die von Michael Jackson, aber nichtsdestotrotz sehr gut gesungen und gespielt. Die Band auf der B\u00fchne hat klasse gespielt und soll hier wirklich nicht nur am Rande erw\u00e4hnt werden.<br \/>\n<br \/>\nBei Thriller habe ich echt \u00fcber das B\u00fchnenbild gestaunt. Echt cool! Hat mir insgesamt alles sehr gut gefallen. Keine Tr\u00e4nen vor Begeisterung oder R\u00fchrung in den Augen, aber sehr zufrieden auch angesichts des nicht ganz g\u00fcnstigen Preises. Sehr gute Vorstellung, sehr gutes Musical. Drei Stunden perfekte Unterhaltung &#8211; trotz sehr enger und unbequemer Sitze.<\/cite><\/p>\n","protected":false},"excerpt":{"rendered":"<p>1997 waren meine damalige Freundin und ich in Bremen auf der HiStory-Tour von Michael Jackson. Es gab zwei Konzerte in dem Jahr in Bremen und ich kann mir sehr gut vorstellen, dass wir am 31.05.1997 dort waren. Das w\u00e4re unser &hellip;<\/p>\n<p class=\"read-more\"> <a class=\"more-link\" href=\"https:\/\/www.andreas-edler.de\/blog\/2026\/02\/vabali-hamburg-und-michael-jackson\/\"> <span class=\"screen-reader-text\">Vabali Hamburg und Michael Jackson<\/span> Weiterlesen &raquo;<\/a><\/p>\n","protected":false},"author":1,"featured_media":174652,"comment_status":"open","ping_status":"open","sticky":false,"template":"","format":"standard","meta":{"ngg_post_thumbnail":0,"activitypub_content_warning":"","activitypub_content_visibility":"","activitypub_max_image_attachments":2,"activitypub_interaction_policy_quote":"anyone","activitypub_status":"federated","footnotes":""},"categories":[1],"tags":[17,29,214,430,452,5,102],"class_list":["post-174628","post","type-post","status-publish","format-standard","has-post-thumbnail","hentry","category-allgemein","tag-auf-der-piste","tag-musik","tag-parken","tag-parkraumbewirtschaftung","tag-sauna","tag-unterwegs","tag-urlaub"],"share_on_mastodon":{"url":"https:\/\/social.tchncs.de\/@filmfacts\/116109444653602491","error":""},"_links":{"self":[{"href":"https:\/\/www.andreas-edler.de\/blog\/wp-json\/wp\/v2\/posts\/174628","targetHints":{"allow":["GET"]}}],"collection":[{"href":"https:\/\/www.andreas-edler.de\/blog\/wp-json\/wp\/v2\/posts"}],"about":[{"href":"https:\/\/www.andreas-edler.de\/blog\/wp-json\/wp\/v2\/types\/post"}],"author":[{"embeddable":true,"href":"https:\/\/www.andreas-edler.de\/blog\/wp-json\/wp\/v2\/users\/1"}],"replies":[{"embeddable":true,"href":"https:\/\/www.andreas-edler.de\/blog\/wp-json\/wp\/v2\/comments?post=174628"}],"version-history":[{"count":9,"href":"https:\/\/www.andreas-edler.de\/blog\/wp-json\/wp\/v2\/posts\/174628\/revisions"}],"predecessor-version":[{"id":174664,"href":"https:\/\/www.andreas-edler.de\/blog\/wp-json\/wp\/v2\/posts\/174628\/revisions\/174664"}],"wp:featuredmedia":[{"embeddable":true,"href":"https:\/\/www.andreas-edler.de\/blog\/wp-json\/wp\/v2\/media\/174652"}],"wp:attachment":[{"href":"https:\/\/www.andreas-edler.de\/blog\/wp-json\/wp\/v2\/media?parent=174628"}],"wp:term":[{"taxonomy":"category","embeddable":true,"href":"https:\/\/www.andreas-edler.de\/blog\/wp-json\/wp\/v2\/categories?post=174628"},{"taxonomy":"post_tag","embeddable":true,"href":"https:\/\/www.andreas-edler.de\/blog\/wp-json\/wp\/v2\/tags?post=174628"}],"curies":[{"name":"wp","href":"https:\/\/api.w.org\/{rel}","templated":true}]}}