{"id":174614,"date":"2026-02-10T11:07:04","date_gmt":"2026-02-10T10:07:04","guid":{"rendered":"https:\/\/www.andreas-edler.de\/blog\/?p=174614"},"modified":"2026-02-10T11:07:04","modified_gmt":"2026-02-10T10:07:04","slug":"thinkpad-x13-yoga-gen-4-laedt-nicht-mehr","status":"publish","type":"post","link":"https:\/\/www.andreas-edler.de\/blog\/2026\/02\/thinkpad-x13-yoga-gen-4-laedt-nicht-mehr\/","title":{"rendered":"ThinkPad X13 Yoga Gen 4 l\u00e4dt nicht mehr"},"content":{"rendered":"<p>Ich <a href=\"https:\/\/www.andreas-edler.de\/blog\/2026\/02\/aus-dem-verkehr-gezogen-2\/\" target=\"_blank\">sitze seit ein paar Tagen haupts\u00e4chlich rum<\/a> und habe dabei ab und zu das Laptop auf dem Scho\u00df.  Am Nachmittag war ich ein bisschen im Wintergarten und als der Akku des ThinkPad leerer wurde, habe ich es an das Netzteil gehangen und was-wei\u00df-ich gemacht. Gestern Abend, als ich das &#8222;Wiedersehen&#8220; der diesj\u00e4hrigen Dschungelcamp-Staffel auf dem Sofa verfolgte, fiel mir dann auf, dass der Akku nach k\u00fcrzester Zeit leer war. Oder &#8211; wahrscheinlicher &#8211; am Nachmittag gar nicht geladen hatte.<\/p>\n<p>Am USB-C-Kabel gewackelt, raus, wieder rein. Nichts. Andere Kabel versucht, andere USB-Buchse, anderes Netzteil, andere Steckdose. Nichts. Wurde schon brastig. Im Netz gesucht und den Tipp gefunden, die Ein- und Aus-Taste ca. 60 Sekunden zu dr\u00fccken, um das Ger\u00e4t zur\u00fcck zu setzen. Nichts. Mehrfach nichts. War auch bereits Mitternacht und ich echt schlecht gelaunt. Auf dem Handy dann noch Videos geguckt, wie man die USB-Ports ausl\u00f6tet und repariert.<\/p>\n<p>Habe in den Mails gesucht, wann ich den ThinkPad gekauft habe (noch kein Dreivierteljahr her) und war etwas beruhigter, dass es darauf 24 Monate Garantie geben sollte. Der gro\u00dfe Nachwuchs ramenterte noch im Haus rum und auch der kleine Nachwuchs war zu vernehmen, weil er mit seinem Bruder redete. Was zur H\u00f6lle? Es war kurz vor zwei Uhr. Der Kleine konnte nicht schlafen und wollte eine Runde ums Haus gehen. Im Bademantel. Ich konnte auch nicht mehr schlafen! :-) Und genau da sah ich bei Reddit, dass einige ThinkPad ein &#8222;Resetloch&#8220; auf der R\u00fcckseite h\u00e4tten.<\/p>\n<p>Also angezogen, den J\u00fcngsten aus dem Garten wieder in sein Zimmer bugsiert und unter den Augen des Gr\u00f6\u00dften eine B\u00fcroklammer in der K\u00fcche gesucht. Die war dann schnell gefunden und in das kleine Loch auf der R\u00fcckseite gesteckt. Den Sekundenzeiger der K\u00fcchenuhr eine Minute lang beobachtet, geflucht, dass ich mir keine Puschen an die nackten F\u00fc\u00dfe gezogen habe und dann im Wohnzimmer das Netzteil angest\u00f6pselt.<\/p>\n<p>Heureka! Es l\u00e4dt wieder.<\/p>\n<p>Also ganz langer Rede kurze Zusammenfassung: falls euer ThinkPad nicht l\u00e4dt, die Ein- und Ausschalttaste mindestens 30 Sekunden gedr\u00fcckt halten. Falls das nichts bringt, gibt es i.d.R. auf der R\u00fcckseite ein kleines L\u00f6chlein, um den Reset durchzuf\u00fchren.<\/p>\n<p>Konnte dann beruhigt einschlafen!<\/p>\n","protected":false},"excerpt":{"rendered":"<p>Ich sitze seit ein paar Tagen haupts\u00e4chlich rum und habe dabei ab und zu das Laptop auf dem Scho\u00df. Am Nachmittag war ich ein bisschen im Wintergarten und als der Akku des ThinkPad leerer wurde, habe ich es an das &hellip;<\/p>\n<p class=\"read-more\"> <a class=\"more-link\" href=\"https:\/\/www.andreas-edler.de\/blog\/2026\/02\/thinkpad-x13-yoga-gen-4-laedt-nicht-mehr\/\"> <span class=\"screen-reader-text\">ThinkPad X13 Yoga Gen 4 l\u00e4dt nicht mehr<\/span> Weiterlesen &raquo;<\/a><\/p>\n","protected":false},"author":1,"featured_media":174615,"comment_status":"open","ping_status":"open","sticky":false,"template":"","format":"standard","meta":{"ngg_post_thumbnail":0,"activitypub_content_warning":"","activitypub_content_visibility":"","activitypub_max_image_attachments":2,"activitypub_interaction_policy_quote":"anyone","activitypub_status":"federated","footnotes":""},"categories":[22],"tags":[49,64,316,33,46,426],"class_list":["post-174614","post","type-post","status-publish","format-standard","has-post-thumbnail","hentry","category-basteln","tag-hardware","tag-konsum","tag-reparieren","tag-service","tag-technik","tag-thinkpad"],"share_on_mastodon":{"url":"https:\/\/social.tchncs.de\/@filmfacts\/116045776498635955","error":""},"_links":{"self":[{"href":"https:\/\/www.andreas-edler.de\/blog\/wp-json\/wp\/v2\/posts\/174614","targetHints":{"allow":["GET"]}}],"collection":[{"href":"https:\/\/www.andreas-edler.de\/blog\/wp-json\/wp\/v2\/posts"}],"about":[{"href":"https:\/\/www.andreas-edler.de\/blog\/wp-json\/wp\/v2\/types\/post"}],"author":[{"embeddable":true,"href":"https:\/\/www.andreas-edler.de\/blog\/wp-json\/wp\/v2\/users\/1"}],"replies":[{"embeddable":true,"href":"https:\/\/www.andreas-edler.de\/blog\/wp-json\/wp\/v2\/comments?post=174614"}],"version-history":[{"count":3,"href":"https:\/\/www.andreas-edler.de\/blog\/wp-json\/wp\/v2\/posts\/174614\/revisions"}],"predecessor-version":[{"id":174618,"href":"https:\/\/www.andreas-edler.de\/blog\/wp-json\/wp\/v2\/posts\/174614\/revisions\/174618"}],"wp:featuredmedia":[{"embeddable":true,"href":"https:\/\/www.andreas-edler.de\/blog\/wp-json\/wp\/v2\/media\/174615"}],"wp:attachment":[{"href":"https:\/\/www.andreas-edler.de\/blog\/wp-json\/wp\/v2\/media?parent=174614"}],"wp:term":[{"taxonomy":"category","embeddable":true,"href":"https:\/\/www.andreas-edler.de\/blog\/wp-json\/wp\/v2\/categories?post=174614"},{"taxonomy":"post_tag","embeddable":true,"href":"https:\/\/www.andreas-edler.de\/blog\/wp-json\/wp\/v2\/tags?post=174614"}],"curies":[{"name":"wp","href":"https:\/\/api.w.org\/{rel}","templated":true}]}}