{"id":174584,"date":"2026-02-01T22:30:14","date_gmt":"2026-02-01T21:30:14","guid":{"rendered":"https:\/\/www.andreas-edler.de\/blog\/?p=174584"},"modified":"2026-02-01T22:30:14","modified_gmt":"2026-02-01T21:30:14","slug":"ibm-tastatur-modell-m","status":"publish","type":"post","link":"https:\/\/www.andreas-edler.de\/blog\/2026\/02\/ibm-tastatur-modell-m\/","title":{"rendered":"IBM Tastatur Modell M"},"content":{"rendered":"<p>Vor 38 Jahren bin ich in unserer Firma mit der Ausbildung angefangen. Da war ich quasi noch ein Kind, jedenfalls deutlich minderj\u00e4hrig und durfte gerade so mit meiner Vespa rum fahren. Damals waren noch Terminals mit maximal vier Farben im Einsatz.<\/p>\n<p><figure id=\"attachment_174586\" aria-describedby=\"caption-attachment-174586\" style=\"width: 250px\" class=\"wp-caption alignright\"><a href=\"https:\/\/www.andreas-edler.de\/blog\/wp-content\/uploads\/2026\/02\/2026-01-26-16.02.00.jpg\"><img loading=\"lazy\" decoding=\"async\" src=\"https:\/\/www.andreas-edler.de\/blog\/wp-content\/uploads\/2026\/02\/2026-01-26-16.02.00-250x123.jpg\" alt=\"Das Typenschild auf der R\u00fcckseite einer IBM Tastatur mit der Angabe des Baujahres 1994.\" width=\"250\" height=\"123\" class=\"size-medium wp-image-174586\" srcset=\"https:\/\/www.andreas-edler.de\/blog\/wp-content\/uploads\/2026\/02\/2026-01-26-16.02.00-250x123.jpg 250w, https:\/\/www.andreas-edler.de\/blog\/wp-content\/uploads\/2026\/02\/2026-01-26-16.02.00-470x232.jpg 470w, https:\/\/www.andreas-edler.de\/blog\/wp-content\/uploads\/2026\/02\/2026-01-26-16.02.00-768x379.jpg 768w, https:\/\/www.andreas-edler.de\/blog\/wp-content\/uploads\/2026\/02\/2026-01-26-16.02.00-100x49.jpg 100w, https:\/\/www.andreas-edler.de\/blog\/wp-content\/uploads\/2026\/02\/2026-01-26-16.02.00-150x74.jpg 150w, https:\/\/www.andreas-edler.de\/blog\/wp-content\/uploads\/2026\/02\/2026-01-26-16.02.00-200x99.jpg 200w, https:\/\/www.andreas-edler.de\/blog\/wp-content\/uploads\/2026\/02\/2026-01-26-16.02.00-300x148.jpg 300w, https:\/\/www.andreas-edler.de\/blog\/wp-content\/uploads\/2026\/02\/2026-01-26-16.02.00-450x222.jpg 450w, https:\/\/www.andreas-edler.de\/blog\/wp-content\/uploads\/2026\/02\/2026-01-26-16.02.00-600x296.jpg 600w, https:\/\/www.andreas-edler.de\/blog\/wp-content\/uploads\/2026\/02\/2026-01-26-16.02.00-900x444.jpg 900w, https:\/\/www.andreas-edler.de\/blog\/wp-content\/uploads\/2026\/02\/2026-01-26-16.02.00.jpg 1280w\" sizes=\"auto, (max-width: 250px) 100vw, 250px\" \/><\/a><figcaption id=\"caption-attachment-174586\" class=\"wp-caption-text\">1994 wurde dieses Ger\u00e4t gebaut.<\/figcaption><\/figure> Sp\u00e4ter kamen dann immer mehr PCs in die B\u00fcros. Es waren etliche IBM Model 30 286 PS\/2 Personal System 2 von denen ich nach der Ausmusterung auch ein Ger\u00e4t mit nach Hause nehmen durfte. Aber bis dahin waren sie im Einsatz und wurden mit der wohl &#8222;ber\u00fchmtesten&#8220; Tastatur bedient: dem IBM Modell M. Wir hatten Dutzende davon. Ich habe mit dem ersten PC auch so eine Tastatur bekommen und vor vielen, vielen Jahren bereits entsorgt, weil sie mir zu gro\u00df und klobig war.<\/p>\n<p>Inzwischen hat mich das ein bisschen gewurmt. Nun m\u00fcssen wir aus Gr\u00fcnden so richtig unsere Schr\u00e4nke und das Hardwarelager aus- und aufr\u00e4umen und da liegt doch ein einem Schrank ganz unten unter 8-Zoll-Disketten, Shugart Drives, Backup-Maschinen mit Compact-Kassetten, Magnetb\u00e4ndern, einzelnen Platten eines Festplattenstapel und einem halben Dutzend zerlegter IDE-Festplatten auch ein Pappkarton. Und darin eine unbenutzte IBM Modell 30 mit PS2-Anschluss.<\/p>\n<p>Mein Kollege &#8211; halb so alt wie ich &#8211; meinte, er h\u00e4tte mich noch nie so gl\u00fccklich grinsend gesehen :-) Sofort mit einem USB-Adapter angeschlossen und funktioniert wie erwartet. Tschock, Tschock, Tschock &#8211; das Ger\u00e4usch ist unvergleichlich und man kann sehr angenehm damit schreiben. Aber sie ist laut und nimmt Platz weg. Au\u00dferdem ist sie mir viel zu schade, um sie zu benutzen. Ein sehr sch\u00f6ner Fund!<\/p>\n","protected":false},"excerpt":{"rendered":"<p>Vor 38 Jahren bin ich in unserer Firma mit der Ausbildung angefangen. Da war ich quasi noch ein Kind, jedenfalls deutlich minderj\u00e4hrig und durfte gerade so mit meiner Vespa rum fahren. Damals waren noch Terminals mit maximal vier Farben im &hellip;<\/p>\n<p class=\"read-more\"> <a class=\"more-link\" href=\"https:\/\/www.andreas-edler.de\/blog\/2026\/02\/ibm-tastatur-modell-m\/\"> <span class=\"screen-reader-text\">IBM Tastatur Modell M<\/span> Weiterlesen &raquo;<\/a><\/p>\n","protected":false},"author":1,"featured_media":174585,"comment_status":"open","ping_status":"open","sticky":false,"template":"","format":"standard","meta":{"ngg_post_thumbnail":0,"activitypub_content_warning":"","activitypub_content_visibility":"","activitypub_max_image_attachments":2,"activitypub_interaction_policy_quote":"anyone","activitypub_status":"federated","footnotes":""},"categories":[1],"tags":[48,49,213,46,28],"class_list":["post-174584","post","type-post","status-publish","format-standard","has-post-thumbnail","hentry","category-allgemein","tag-arbeit","tag-hardware","tag-oldtimer","tag-technik","tag-test"],"share_on_mastodon":{"url":"https:\/\/social.tchncs.de\/@filmfacts\/115997502264132289","error":""},"_links":{"self":[{"href":"https:\/\/www.andreas-edler.de\/blog\/wp-json\/wp\/v2\/posts\/174584","targetHints":{"allow":["GET"]}}],"collection":[{"href":"https:\/\/www.andreas-edler.de\/blog\/wp-json\/wp\/v2\/posts"}],"about":[{"href":"https:\/\/www.andreas-edler.de\/blog\/wp-json\/wp\/v2\/types\/post"}],"author":[{"embeddable":true,"href":"https:\/\/www.andreas-edler.de\/blog\/wp-json\/wp\/v2\/users\/1"}],"replies":[{"embeddable":true,"href":"https:\/\/www.andreas-edler.de\/blog\/wp-json\/wp\/v2\/comments?post=174584"}],"version-history":[{"count":2,"href":"https:\/\/www.andreas-edler.de\/blog\/wp-json\/wp\/v2\/posts\/174584\/revisions"}],"predecessor-version":[{"id":174588,"href":"https:\/\/www.andreas-edler.de\/blog\/wp-json\/wp\/v2\/posts\/174584\/revisions\/174588"}],"wp:featuredmedia":[{"embeddable":true,"href":"https:\/\/www.andreas-edler.de\/blog\/wp-json\/wp\/v2\/media\/174585"}],"wp:attachment":[{"href":"https:\/\/www.andreas-edler.de\/blog\/wp-json\/wp\/v2\/media?parent=174584"}],"wp:term":[{"taxonomy":"category","embeddable":true,"href":"https:\/\/www.andreas-edler.de\/blog\/wp-json\/wp\/v2\/categories?post=174584"},{"taxonomy":"post_tag","embeddable":true,"href":"https:\/\/www.andreas-edler.de\/blog\/wp-json\/wp\/v2\/tags?post=174584"}],"curies":[{"name":"wp","href":"https:\/\/api.w.org\/{rel}","templated":true}]}}