{"id":174333,"date":"2025-11-09T15:50:16","date_gmt":"2025-11-09T14:50:16","guid":{"rendered":"https:\/\/www.andreas-edler.de\/blog\/?p=174333"},"modified":"2025-11-09T15:50:16","modified_gmt":"2025-11-09T14:50:16","slug":"faeden-gezogen","status":"publish","type":"post","link":"https:\/\/www.andreas-edler.de\/blog\/2025\/11\/faeden-gezogen\/","title":{"rendered":"F\u00e4den gezogen"},"content":{"rendered":"<p>Vor knapp zwei Wochen wurde ich <a href=\"https:\/\/www.andreas-edler.de\/blog\/2025\/10\/zyste-an-der-niere-entfernt\/\" target=\"_blank\">an der Niere operiert<\/a>. Genauer an einer Zyste, die an der rechten Niere h\u00e4ngt. Im verlinkten Beitrag ist das genauer beschrieben. Nun hatte ich noch nicht so viele Operationen und die Erfahrungen liegen teilweise Jahrzehnte zur\u00fcck. In 2003 war ich noch 14 Tage im Krankenhaus, nachdem ich mir beim Badminton die <a href=\"https:\/\/www.andreas-edler.de\/blog\/dies-das\/achillessehne\/#1902\" target=\"_blank\">Achillessehne durchgerissen<\/a> habe. F\u00e4den ziehen und solche Geschichten sind dann vom Chirurgen vor Ort und ambulant gemacht worden. Vor 9 Jahren musste die <a href=\"https:\/\/www.andreas-edler.de\/blog\/2016\/11\/operation-beendet\/\" target=\"_blank\">Sehne dann erneut operiert<\/a> werden. Da war ich nur noch zwei N\u00e4chte im Krankenhaus. Die F\u00e4den wurden ebenfalls sp\u00e4ter ambulant bei einer Nachuntersuchung beim Chirurgen gezogen.<\/p>\n<figure id=\"attachment_174334\" aria-describedby=\"caption-attachment-174334\" style=\"width: 470px\" class=\"wp-caption aligncenter\"><a href=\"https:\/\/www.andreas-edler.de\/blog\/wp-content\/uploads\/2025\/11\/2025-11-05-10.53.34.jpg\"><img loading=\"lazy\" decoding=\"async\" src=\"https:\/\/www.andreas-edler.de\/blog\/wp-content\/uploads\/2025\/11\/2025-11-05-10.53.34-470x179.jpg\" alt=\"Ein Mann liegt in einem Behandlungsraum auf einer Liege. Man sieht den K\u00f6roer ab der H\u00fcfte abw\u00e4rts. im Hintergrund ein St\u00e4nder f\u00fcr Infusionen, an der Wand rechts ein Schreibtisch mit Stuhl und einem Computer auf der Tischplatte.\" width=\"470\" height=\"179\" class=\"size-large wp-image-174334\" srcset=\"https:\/\/www.andreas-edler.de\/blog\/wp-content\/uploads\/2025\/11\/2025-11-05-10.53.34-470x179.jpg 470w, https:\/\/www.andreas-edler.de\/blog\/wp-content\/uploads\/2025\/11\/2025-11-05-10.53.34-250x95.jpg 250w, https:\/\/www.andreas-edler.de\/blog\/wp-content\/uploads\/2025\/11\/2025-11-05-10.53.34-768x293.jpg 768w, https:\/\/www.andreas-edler.de\/blog\/wp-content\/uploads\/2025\/11\/2025-11-05-10.53.34-100x38.jpg 100w, https:\/\/www.andreas-edler.de\/blog\/wp-content\/uploads\/2025\/11\/2025-11-05-10.53.34-150x57.jpg 150w, https:\/\/www.andreas-edler.de\/blog\/wp-content\/uploads\/2025\/11\/2025-11-05-10.53.34-200x76.jpg 200w, https:\/\/www.andreas-edler.de\/blog\/wp-content\/uploads\/2025\/11\/2025-11-05-10.53.34-300x114.jpg 300w, https:\/\/www.andreas-edler.de\/blog\/wp-content\/uploads\/2025\/11\/2025-11-05-10.53.34-450x172.jpg 450w, https:\/\/www.andreas-edler.de\/blog\/wp-content\/uploads\/2025\/11\/2025-11-05-10.53.34-600x229.jpg 600w, https:\/\/www.andreas-edler.de\/blog\/wp-content\/uploads\/2025\/11\/2025-11-05-10.53.34-900x343.jpg 900w, https:\/\/www.andreas-edler.de\/blog\/wp-content\/uploads\/2025\/11\/2025-11-05-10.53.34.jpg 1280w\" sizes=\"auto, (max-width: 470px) 100vw, 470px\" \/><\/a><figcaption id=\"caption-attachment-174334\" class=\"wp-caption-text\">Nachuntersuchung beim Hausarzt<\/figcaption><\/figure>\n<p>Nach der Bauch-OP war ich auch nur zwei N\u00e4chte im Krankenhaus. Zum weiteren Verlauf wurde wenig gesagt, au\u00dfer dass ich ein bisschen spazieren gehen sollte, damit der Darm wieder in Gang kommt. Als ich nach den F\u00e4den fragte, wurde nur auf das resorbierende Material verwiesen. Bei einer Kontrolluntersuchung beim Arzt vor drei Tagen fragte ich nach den F\u00e4den, die aus den sechs L\u00f6chern im Bauch raus guckten. Es wurde auch nur auf die Resorbierung hingewiesen und ich solle die F\u00e4den abschneiden, sobald sie mich nerven. OK :-o<\/p>\n<p>Habe ich dann heute Morgen mal gemacht. Ich hoffe das Material im Bauch zersetzt sich wirklich von selbst. Alles was drau\u00dfen rum hing, wusste nichts davon, dass es vermodern soll. An einigen Stellen habe ich auch zwei Zentimeter lange F\u00e4den aus dem Bauch gezogen. Das hat dann erstmal eine Zeit lang gebrannt und es juckt ziemlich, wenn dass T-Shirt \u00fcber die abheilende Haut schubbert. Bewegen geht eigentlich ganz gut, es zieht noch beim B\u00fccken und Anspannen der Muskeln im Bauch. Aber dass man sich selbst die Sachen aus dem Bauch puhlen muss, fand ich ein bisschen merkw\u00fcrdig.<\/p>\n","protected":false},"excerpt":{"rendered":"<p>Vor knapp zwei Wochen wurde ich an der Niere operiert. Genauer an einer Zyste, die an der rechten Niere h\u00e4ngt. Im verlinkten Beitrag ist das genauer beschrieben. Nun hatte ich noch nicht so viele Operationen und die Erfahrungen liegen teilweise &hellip;<\/p>\n<p class=\"read-more\"> <a class=\"more-link\" href=\"https:\/\/www.andreas-edler.de\/blog\/2025\/11\/faeden-gezogen\/\"> <span class=\"screen-reader-text\">F\u00e4den gezogen<\/span> Weiterlesen &raquo;<\/a><\/p>\n","protected":false},"author":1,"featured_media":0,"comment_status":"open","ping_status":"open","sticky":false,"template":"","format":"standard","meta":{"ngg_post_thumbnail":0,"activitypub_content_warning":"","activitypub_content_visibility":"","activitypub_max_image_attachments":2,"activitypub_interaction_policy_quote":"anyone","activitypub_status":"federated","footnotes":""},"categories":[1],"tags":[7,50,402],"class_list":["post-174333","post","type-post","status-publish","format-standard","hentry","category-allgemein","tag-gesundheit","tag-helfen","tag-krankenhaus"],"share_on_mastodon":{"url":"https:\/\/social.tchncs.de\/@filmfacts\/115520295215401914","error":""},"_links":{"self":[{"href":"https:\/\/www.andreas-edler.de\/blog\/wp-json\/wp\/v2\/posts\/174333","targetHints":{"allow":["GET"]}}],"collection":[{"href":"https:\/\/www.andreas-edler.de\/blog\/wp-json\/wp\/v2\/posts"}],"about":[{"href":"https:\/\/www.andreas-edler.de\/blog\/wp-json\/wp\/v2\/types\/post"}],"author":[{"embeddable":true,"href":"https:\/\/www.andreas-edler.de\/blog\/wp-json\/wp\/v2\/users\/1"}],"replies":[{"embeddable":true,"href":"https:\/\/www.andreas-edler.de\/blog\/wp-json\/wp\/v2\/comments?post=174333"}],"version-history":[{"count":2,"href":"https:\/\/www.andreas-edler.de\/blog\/wp-json\/wp\/v2\/posts\/174333\/revisions"}],"predecessor-version":[{"id":174336,"href":"https:\/\/www.andreas-edler.de\/blog\/wp-json\/wp\/v2\/posts\/174333\/revisions\/174336"}],"wp:attachment":[{"href":"https:\/\/www.andreas-edler.de\/blog\/wp-json\/wp\/v2\/media?parent=174333"}],"wp:term":[{"taxonomy":"category","embeddable":true,"href":"https:\/\/www.andreas-edler.de\/blog\/wp-json\/wp\/v2\/categories?post=174333"},{"taxonomy":"post_tag","embeddable":true,"href":"https:\/\/www.andreas-edler.de\/blog\/wp-json\/wp\/v2\/tags?post=174333"}],"curies":[{"name":"wp","href":"https:\/\/api.w.org\/{rel}","templated":true}]}}