{"id":174236,"date":"2025-10-16T14:46:47","date_gmt":"2025-10-16T12:46:47","guid":{"rendered":"https:\/\/www.andreas-edler.de\/blog\/?p=174236"},"modified":"2025-10-16T14:56:58","modified_gmt":"2025-10-16T12:56:58","slug":"probleme-im-stadtbild","status":"publish","type":"post","link":"https:\/\/www.andreas-edler.de\/blog\/2025\/10\/probleme-im-stadtbild\/","title":{"rendered":"Probleme im Stadtbild"},"content":{"rendered":"<p><cite>Philipp Eckstein am 14.10.2025 auf Bluesky:<strong><a href=\"https:\/\/bsky.app\/profile\/eckstein.bsky.social\/post\/3m35hz74xdk2j\" target=\"_new\">Migration und das Stadtbild&#8230; bemerkenswerte Aussage von #Merz:<\/a><\/strong><br \/>\n[&#8230;] Bei der Migration sind wir sehr weit [&#8230;] Aber wir haben nat\u00fcrlich immer im Stadtbild noch dieses Problem und deswegen ist der Bundesinnenminister ja auch dabei jetzt in sehr gro\u00dfem Umfang auch R\u00fcckf\u00fchrungen zu erm\u00f6glichen. [&#8230;]<\/cite><\/p>\n<p>Merz erz\u00e4hlt das v\u00f6llig emotionslos und mit ernster Miene. Das ist kein Versehen, das ist seine ureigene Meinung. Genauso hat es Trump auch gemacht. Der hat erz\u00e4hlt, was er vorhat und nun sind viele seiner eigenen W\u00e4hler \u00fcberrascht, dass er das tats\u00e4chlich so meinte und umsetzt.<\/p>\n<p>Liebe CDUler, das meint Merz wirklich so! Diejenigen von euch, die nicht auch &#8222;Probleme im Stadtbild&#8220; aufgrund von Migration sehen, sollten langsam mal beginnen zu trommeln. Das ist blanker Rassismus und hat mit crhistlich oder auch nur konservativ nichts zu tun. Im Gegenteil!<\/p>\n<p>Gerne auch den <a href=\"https:\/\/taz.de\/Merz-Aeusserung-zum-Stadtbild\/!6116817\/\" target=\"_blank\">Kommentar der TAZ<\/a> dazu lesen!<\/p>\n","protected":false},"excerpt":{"rendered":"<p>Das ist blanker Rassismus und hat mit crhistlich oder auch nur konservativ nichts zu tun. Im Gegenteil!<\/p>\n<div class=\"read-more\"><a href=\"https:\/\/www.andreas-edler.de\/blog\/2025\/10\/probleme-im-stadtbild\/\">Weiterlesen &#8250;<\/a><\/div>\n<p><!-- end of .read-more --><\/p>\n","protected":false},"author":1,"featured_media":0,"comment_status":"open","ping_status":"open","sticky":false,"template":"","format":"standard","meta":{"ngg_post_thumbnail":0,"activitypub_content_warning":"","activitypub_content_visibility":"","activitypub_max_image_attachments":2,"activitypub_interaction_policy_quote":"anyone","activitypub_status":"federated","footnotes":""},"categories":[18,45],"tags":[63,66,555,661,73,19],"class_list":["post-174236","post","type-post","status-publish","format-standard","hentry","category-fraglich","category-politik","tag-benehmen","tag-mecker","tag-menschenrechte","tag-merz","tag-recht","tag-tagesgeschehen"],"share_on_mastodon":{"url":"https:\/\/social.tchncs.de\/@filmfacts\/115383914193203299","error":""},"_links":{"self":[{"href":"https:\/\/www.andreas-edler.de\/blog\/wp-json\/wp\/v2\/posts\/174236","targetHints":{"allow":["GET"]}}],"collection":[{"href":"https:\/\/www.andreas-edler.de\/blog\/wp-json\/wp\/v2\/posts"}],"about":[{"href":"https:\/\/www.andreas-edler.de\/blog\/wp-json\/wp\/v2\/types\/post"}],"author":[{"embeddable":true,"href":"https:\/\/www.andreas-edler.de\/blog\/wp-json\/wp\/v2\/users\/1"}],"replies":[{"embeddable":true,"href":"https:\/\/www.andreas-edler.de\/blog\/wp-json\/wp\/v2\/comments?post=174236"}],"version-history":[{"count":5,"href":"https:\/\/www.andreas-edler.de\/blog\/wp-json\/wp\/v2\/posts\/174236\/revisions"}],"predecessor-version":[{"id":174243,"href":"https:\/\/www.andreas-edler.de\/blog\/wp-json\/wp\/v2\/posts\/174236\/revisions\/174243"}],"wp:attachment":[{"href":"https:\/\/www.andreas-edler.de\/blog\/wp-json\/wp\/v2\/media?parent=174236"}],"wp:term":[{"taxonomy":"category","embeddable":true,"href":"https:\/\/www.andreas-edler.de\/blog\/wp-json\/wp\/v2\/categories?post=174236"},{"taxonomy":"post_tag","embeddable":true,"href":"https:\/\/www.andreas-edler.de\/blog\/wp-json\/wp\/v2\/tags?post=174236"}],"curies":[{"name":"wp","href":"https:\/\/api.w.org\/{rel}","templated":true}]}}