{"id":174126,"date":"2025-09-04T16:19:40","date_gmt":"2025-09-04T14:19:40","guid":{"rendered":"https:\/\/www.andreas-edler.de\/blog\/?p=174126"},"modified":"2025-09-04T16:19:40","modified_gmt":"2025-09-04T14:19:40","slug":"polizei-vergisst-wieder-einige-tatsachen-bzw-hinweise","status":"publish","type":"post","link":"https:\/\/www.andreas-edler.de\/blog\/2025\/09\/polizei-vergisst-wieder-einige-tatsachen-bzw-hinweise\/","title":{"rendered":"Polizei vergisst wieder einige Tatsachen bzw. Hinweise"},"content":{"rendered":"<p><cite>Polizei Minden-L\u00fcbbecke 02.09.2025: <strong><a href=\"https:\/\/www.presseportal.de\/blaulicht\/pm\/43553\/6109507\" target=\"_new\">Pedelec-Fahrer bei Verkehrsunfall schwer verletzt<\/a><\/strong><br \/>\n[&#8230;] Zuvor hatte eine Bad Oeynhausenerin gegen 06:25 Uhr mit ihrem VW die St\u00fcher Stra\u00dfe in Fahrtrichtung Werster Stra\u00dfe befahren. Im Bereich der Kreuzung Kirchbreite \/ St\u00fcher Stra\u00dfe beabsichtigte die 60-j\u00e4hrige, die Stra\u00dfe Kirchbreite zu \u00fcberqueren. Zeitgleich befuhr der 44-J\u00e4hrige die Kirchbreite auf dem Geh- und Radweg in Richtung Pestalozzistra\u00dfe. Im dortigen Kreuzungsbereich kam es schlie\u00dflich zur Kollision zwischen dem Pkw und dem Pedelec.<br \/>\n<br \/>\nDer Radfahrer st\u00fcrzte und erlitt hierbei schwere Verletzungen. [&#8230;]<\/cite><\/p>\n<p>Die Kirchbreite ist die Vorfahrtstra\u00dfe. Die Frau hat dem Mann ganz offensichtlich die Vorfahrt genommen. Es &#8222;kam&#8220; nicht einfach zur Kollision, die Frau hat den Mann gerammt. Die Frau hat den Mann mit ihrem Auto verletzt. Es gibt an der Kirchbreite keinen kombinierten Geh- und Radweg. Es gibt dort nur einen schmalen Gehweg, welcher f\u00fcr Radfahrende frei gegeben ist.<\/p>\n<p>Die Formulierungen w\u00e4ren wichtig, um die Dramatik dieser Vorf\u00e4lle und das Gef\u00e4hrdungspotential des motorisierten Individualverkehrs deutlich zu machen. Kein Hinweis an Menschen in Autos, an Kreuzungen auf den Radverkehr zu achten. Kein Hinweis, doch bitte auf Vorfahrtregeln zu achten und diese einzuhalten.<\/p>\n<p>Das ist bl\u00f6d, weil alle Lokalzeitungen, Lokalradios, \u00fcberregionale Presseorgane &#8211; eben alle &#8211; die Meldungen der Polizei in aller Regel wortw\u00f6rtlich und v\u00f6llig ohne zu hinterfragen \u00fcbernehmen. Und dann bleibt h\u00e4ngen &#8222;Fahrrad fahren ist gef\u00e4hrlich!&#8220;.<\/p>\n<p>Nein! Die Menschen in den Autos sind gef\u00e4hrlich, weil sie viele Tonnen Stahl durch die Gegend fahren und nicht genug aufpassen!<\/p>\n","protected":false},"excerpt":{"rendered":"<p>Polizei Minden-L\u00fcbbecke 02.09.2025: Pedelec-Fahrer bei Verkehrsunfall schwer verletzt [&#8230;] Zuvor hatte eine Bad Oeynhausenerin gegen 06:25 Uhr mit ihrem VW die St\u00fcher Stra\u00dfe in Fahrtrichtung Werster Stra\u00dfe befahren. Im Bereich der Kreuzung Kirchbreite \/ St\u00fcher Stra\u00dfe beabsichtigte die 60-j\u00e4hrige, die &hellip;<\/p>\n<p class=\"read-more\"> <a class=\"more-link\" href=\"https:\/\/www.andreas-edler.de\/blog\/2025\/09\/polizei-vergisst-wieder-einige-tatsachen-bzw-hinweise\/\"> <span class=\"screen-reader-text\">Polizei vergisst wieder einige Tatsachen bzw. Hinweise<\/span> Weiterlesen &raquo;<\/a><\/p>\n","protected":false},"author":1,"featured_media":0,"comment_status":"open","ping_status":"open","sticky":false,"template":"","format":"standard","meta":{"ngg_post_thumbnail":0,"activitypub_content_warning":"","activitypub_content_visibility":"","activitypub_max_image_attachments":2,"activitypub_interaction_policy_quote":"anyone","activitypub_status":"federated","footnotes":""},"categories":[14,15,13],"tags":[477,110,251,361,34,127,59],"class_list":["post-174126","post","type-post","status-publish","format-standard","hentry","category-bad-oeynhausen","category-fahrrad","category-verkehr","tag-alltagsradverkehr","tag-fahrradfreundliche-stadt","tag-infrastruktur","tag-kirchbreite","tag-kommunikation","tag-polizei","tag-presse"],"share_on_mastodon":{"url":"https:\/\/social.tchncs.de\/@filmfacts\/115146462354965271","error":""},"_links":{"self":[{"href":"https:\/\/www.andreas-edler.de\/blog\/wp-json\/wp\/v2\/posts\/174126","targetHints":{"allow":["GET"]}}],"collection":[{"href":"https:\/\/www.andreas-edler.de\/blog\/wp-json\/wp\/v2\/posts"}],"about":[{"href":"https:\/\/www.andreas-edler.de\/blog\/wp-json\/wp\/v2\/types\/post"}],"author":[{"embeddable":true,"href":"https:\/\/www.andreas-edler.de\/blog\/wp-json\/wp\/v2\/users\/1"}],"replies":[{"embeddable":true,"href":"https:\/\/www.andreas-edler.de\/blog\/wp-json\/wp\/v2\/comments?post=174126"}],"version-history":[{"count":0,"href":"https:\/\/www.andreas-edler.de\/blog\/wp-json\/wp\/v2\/posts\/174126\/revisions"}],"wp:attachment":[{"href":"https:\/\/www.andreas-edler.de\/blog\/wp-json\/wp\/v2\/media?parent=174126"}],"wp:term":[{"taxonomy":"category","embeddable":true,"href":"https:\/\/www.andreas-edler.de\/blog\/wp-json\/wp\/v2\/categories?post=174126"},{"taxonomy":"post_tag","embeddable":true,"href":"https:\/\/www.andreas-edler.de\/blog\/wp-json\/wp\/v2\/tags?post=174126"}],"curies":[{"name":"wp","href":"https:\/\/api.w.org\/{rel}","templated":true}]}}