{"id":174115,"date":"2025-08-31T11:54:16","date_gmt":"2025-08-31T09:54:16","guid":{"rendered":"https:\/\/www.andreas-edler.de\/blog\/?p=174115"},"modified":"2025-08-31T12:28:01","modified_gmt":"2025-08-31T10:28:01","slug":"thinkpad-yoga-x13-gen-4","status":"publish","type":"post","link":"https:\/\/www.andreas-edler.de\/blog\/2025\/08\/thinkpad-yoga-x13-gen-4\/","title":{"rendered":"ThinkPad Yoga X13 Gen. 4"},"content":{"rendered":"<p>Ich nutze seit Jahrzehnten als mobile Ger\u00e4te mit Tastatur ausschlie\u00dflich ThinkPads. Angefangen bei solchen, auf denen noch IBM stand, bis zu denen, welche von Lenovo vertrieben werden. Im Schlafzimmer steht ein solches, im B\u00fcro, im Wohnzimmer (und im Keller im Regal stapeln sich die nicht mehr produktiven Helfer). Im Rahmen der <a href=\"https:\/\/www.andreas-edler.de\/blog\/2021\/01\/erneuter-anlauf-zur-digitalisierung-der-ratsarbeit\/\" target=\"_blank\">digitalen Ratsarbeit<\/a> habe ich mir zu Beginn der Ratseriode ein &#8222;neues&#8220; ThinkPad Yoga X1 Gen. 4 gekauft, welches zu diesem Zeitpunkt schon mindestens vier Jahre alt war. Nun sind es f\u00fcnf Jahre sp\u00e4ter und es ist doch ein wenig in die Jahre gekommen.<\/p>\n<p>Daher steht hier nun seit gestern ein &#8222;nagelneues&#8220; vielleicht 2 Jahre altes ThinkPad Yoga X13 Gen. 4 auf dem Tisch. Mit einem i7 Prozessor und 16GB RAM f\u00fchlt es sich deutlich schneller an, als das alte Ger\u00e4t. Und das zu einem Preis von zwei Ratsentgelten. Ich bin immmer noch der Meinung, dass sich Ratsmitglieder die digitalen Anzeigeger\u00e4te selbst beschaffen sollten! M\u00f6glicherweise werde ich ja noch einmal in die Kommunalpolitik einziehen. Sowohl Alex als auch ich haben damals darauf verzichtet, iPads gestellt zu bekommen und nat\u00fcrlich haben wir auch den f\u00fcr diesen Fall von der Verwaltung abgelehnten monatlichen &#8222;Ausgleich&#8220; von 10 Euro nicht in Anspruch genommen.<\/p>\n<p>Meine Vermutung von Anfang 2021, wonach die Ratsmitglieder die alten iPads nach f\u00fcnf Jahren einfach behalten d\u00fcrften, wurde auf Nachfrage vor einigen Monaten \u00fcbrigens nicht best\u00e4tigt. Die Ger\u00e4te werden eingesammelt, aktualisiert und dann wohl an den Schulen weiter verwendet. Das bedeutet auch, dass alle Ratsmitglieder welche die Hand heben, ein neues iPad nebst Tastatur bekommen werden. iPad Air f\u00fcr 700 Euro, Magic Keyboard f\u00fcr 300 &#8211; w\u00e4ren schonmal mindestens 44.000 Euro f\u00fcr den Einstieg. Nat\u00fcrlich gibt es einige Ratsmitglieder, welche eigene Ger\u00e4te nutzen. Das machen nicht nur wir, so dass die Gesamtsumme niedriger sein wird. Trotzdem empfinde ich das als ungeh\u00f6rig. Es wird wohl kaum jemanden geben, der in 2025 kein mobiles, digitales Ger\u00e4t besitzt. Und falls doch, wei\u00df ich nicht, ob die Ratsarbeit dann das Richtige ist!<\/p>\n<p>[Einschub] Falls nun jemand finanziell nicht so gut aufgestellt ist und z.B. keine 1.000 Euro vorstrecken kann, dann w\u00e4re es f\u00fcr die Kommune immer noch g\u00fcnstiger, zwei Ratsentgelte vorab auszuzahlen und dann zweimal zu pausieren, als die iPads zu kaufen!<\/p>\n","protected":false},"excerpt":{"rendered":"<p>Ich nutze seit Jahrzehnten als mobile Ger\u00e4te mit Tastatur ausschlie\u00dflich ThinkPads. Angefangen bei solchen, auf denen noch IBM stand, bis zu denen, welche von Lenovo vertrieben werden. Im Schlafzimmer steht ein solches, im B\u00fcro, im Wohnzimmer (und im Keller im &hellip;<\/p>\n<p class=\"read-more\"> <a class=\"more-link\" href=\"https:\/\/www.andreas-edler.de\/blog\/2025\/08\/thinkpad-yoga-x13-gen-4\/\"> <span class=\"screen-reader-text\">ThinkPad Yoga X13 Gen. 4<\/span> Weiterlesen &raquo;<\/a><\/p>\n","protected":false},"author":1,"featured_media":174116,"comment_status":"open","ping_status":"open","sticky":false,"template":"","format":"standard","meta":{"ngg_post_thumbnail":0,"activitypub_content_warning":"","activitypub_content_visibility":"","activitypub_max_image_attachments":2,"activitypub_interaction_policy_quote":"anyone","activitypub_status":"federated","footnotes":""},"categories":[14,45],"tags":[364,225,51,49,502,608,64,77,46,426],"class_list":["post-174115","post","type-post","status-publish","format-standard","has-post-thumbnail","hentry","category-bad-oeynhausen","category-politik","tag-digitalisierung","tag-finanzausschuss","tag-geld","tag-hardware","tag-ipad","tag-kommunalpolitik","tag-konsum","tag-stadtrat","tag-technik","tag-thinkpad"],"share_on_mastodon":{"url":"https:\/\/social.tchncs.de\/@filmfacts\/115122769681433877","error":""},"_links":{"self":[{"href":"https:\/\/www.andreas-edler.de\/blog\/wp-json\/wp\/v2\/posts\/174115","targetHints":{"allow":["GET"]}}],"collection":[{"href":"https:\/\/www.andreas-edler.de\/blog\/wp-json\/wp\/v2\/posts"}],"about":[{"href":"https:\/\/www.andreas-edler.de\/blog\/wp-json\/wp\/v2\/types\/post"}],"author":[{"embeddable":true,"href":"https:\/\/www.andreas-edler.de\/blog\/wp-json\/wp\/v2\/users\/1"}],"replies":[{"embeddable":true,"href":"https:\/\/www.andreas-edler.de\/blog\/wp-json\/wp\/v2\/comments?post=174115"}],"version-history":[{"count":0,"href":"https:\/\/www.andreas-edler.de\/blog\/wp-json\/wp\/v2\/posts\/174115\/revisions"}],"wp:featuredmedia":[{"embeddable":true,"href":"https:\/\/www.andreas-edler.de\/blog\/wp-json\/wp\/v2\/media\/174116"}],"wp:attachment":[{"href":"https:\/\/www.andreas-edler.de\/blog\/wp-json\/wp\/v2\/media?parent=174115"}],"wp:term":[{"taxonomy":"category","embeddable":true,"href":"https:\/\/www.andreas-edler.de\/blog\/wp-json\/wp\/v2\/categories?post=174115"},{"taxonomy":"post_tag","embeddable":true,"href":"https:\/\/www.andreas-edler.de\/blog\/wp-json\/wp\/v2\/tags?post=174115"}],"curies":[{"name":"wp","href":"https:\/\/api.w.org\/{rel}","templated":true}]}}