{"id":174076,"date":"2025-08-23T23:47:20","date_gmt":"2025-08-23T21:47:20","guid":{"rendered":"https:\/\/www.andreas-edler.de\/blog\/?p=174076"},"modified":"2025-08-23T23:51:44","modified_gmt":"2025-08-23T21:51:44","slug":"sommerurlaub-2025-camping-la-riva-am-comer-see-in-italien","status":"publish","type":"post","link":"https:\/\/www.andreas-edler.de\/blog\/2025\/08\/sommerurlaub-2025-camping-la-riva-am-comer-see-in-italien\/","title":{"rendered":"Sommerurlaub 2025 &#8211; Camping La Riva am Comer See in Italien"},"content":{"rendered":"<p>Was ist los? Nicht in Kroatien? Die Frauen der beiden befreundeten Familien haben sich im letzten Jahr mit dem Wunsch durchgesetzt, einmal nicht nach Kroatien zu fahren und etwas anderes auszuprobieren. In etlichen Videoelefonaten haben wir uns dann auf einen kleinen Campingplatz in Norditalien geeinigt und sind vor drei Wochen dorthin aufgebrochen!<\/p>\n<figure id=\"attachment_173994\" aria-describedby=\"caption-attachment-173994\" style=\"width: 470px\" class=\"wp-caption aligncenter\"><a href=\"https:\/\/www.andreas-edler.de\/blog\/wp-content\/uploads\/2025\/08\/2025-08-13-15.44.53.jpg\"><img loading=\"lazy\" decoding=\"async\" class=\"size-large wp-image-173994\" src=\"https:\/\/www.andreas-edler.de\/blog\/wp-content\/uploads\/2025\/08\/2025-08-13-15.44.53-470x296.jpg\" alt=\"\" width=\"470\" height=\"296\" srcset=\"https:\/\/www.andreas-edler.de\/blog\/wp-content\/uploads\/2025\/08\/2025-08-13-15.44.53-470x296.jpg 470w, https:\/\/www.andreas-edler.de\/blog\/wp-content\/uploads\/2025\/08\/2025-08-13-15.44.53-250x158.jpg 250w, https:\/\/www.andreas-edler.de\/blog\/wp-content\/uploads\/2025\/08\/2025-08-13-15.44.53-768x484.jpg 768w, https:\/\/www.andreas-edler.de\/blog\/wp-content\/uploads\/2025\/08\/2025-08-13-15.44.53-100x63.jpg 100w, https:\/\/www.andreas-edler.de\/blog\/wp-content\/uploads\/2025\/08\/2025-08-13-15.44.53-150x95.jpg 150w, https:\/\/www.andreas-edler.de\/blog\/wp-content\/uploads\/2025\/08\/2025-08-13-15.44.53-200x126.jpg 200w, https:\/\/www.andreas-edler.de\/blog\/wp-content\/uploads\/2025\/08\/2025-08-13-15.44.53-300x189.jpg 300w, https:\/\/www.andreas-edler.de\/blog\/wp-content\/uploads\/2025\/08\/2025-08-13-15.44.53-450x284.jpg 450w, https:\/\/www.andreas-edler.de\/blog\/wp-content\/uploads\/2025\/08\/2025-08-13-15.44.53-600x378.jpg 600w, https:\/\/www.andreas-edler.de\/blog\/wp-content\/uploads\/2025\/08\/2025-08-13-15.44.53-900x567.jpg 900w, https:\/\/www.andreas-edler.de\/blog\/wp-content\/uploads\/2025\/08\/2025-08-13-15.44.53.jpg 1280w\" sizes=\"auto, (max-width: 470px) 100vw, 470px\" \/><\/a><figcaption id=\"caption-attachment-173994\" class=\"wp-caption-text\">Endlich geschafft!<\/figcaption><\/figure>\n<p>Tats\u00e4chlich war es auch ohne das Mittelmeer recht sch\u00f6n und entspannt. Die Hin- und R\u00fcckfahrt jedoch nicht. Das habe ich wie immer im l\u00e4ngeren Bericht erl\u00e4utert. Auch warum Alex schon nach einer Woche sagte, dass wir im n\u00e4chsten Jahr ruhig wieder Solaris besuchen k\u00f6nnen, kann man aus dem Text erahnen ;-) Wir haben uns jedenfalls sehr viel bewegt, hatten Spa\u00df und haben lecker gegessen. Unter<\/p>\n<h3 style=\"text-align: center;\"><a href=\"https:\/\/www.andreas-edler.de\/blog\/urlaub\/italien-2025-sorico-comer-see\/\" target=\"_blank\" rel=\"noopener\">Italien 2025 \u2013 Sorico (Comer See \u2013 Camping La Riva)<\/a><\/h3>\n<p>ist der ganze Urlaub in gewohnt epischer Breite in Wort und Bild verewigt. Haupts\u00e4chlich f\u00fcr mich und die Familie, aber da er \u00f6ffentlich ist, darf ihn nat\u00fcrlich jeder lesen. Falls ihr euch dabei langweilt &#8230; niemand zwingt euch ;-)<\/p>\n","protected":false},"excerpt":{"rendered":"<p>Was ist los? Nicht in Kroatien? Die Frauen der beiden befreundeten Familien haben sich im letzten Jahr mit dem Wunsch durchgesetzt, einmal nicht nach Kroatien zu fahren und etwas anderes auszuprobieren. In etlichen Videoelefonaten haben wir uns dann auf einen &hellip;<\/p>\n<p class=\"read-more\"> <a class=\"more-link\" href=\"https:\/\/www.andreas-edler.de\/blog\/2025\/08\/sommerurlaub-2025-camping-la-riva-am-comer-see-in-italien\/\"> <span class=\"screen-reader-text\">Sommerurlaub 2025 &#8211; Camping La Riva am Comer See in Italien<\/span> Weiterlesen &raquo;<\/a><\/p>\n","protected":false},"author":1,"featured_media":174006,"comment_status":"open","ping_status":"open","sticky":false,"template":"","format":"standard","meta":{"ngg_post_thumbnail":0,"activitypub_content_warning":"","activitypub_content_visibility":"","activitypub_max_image_attachments":2,"activitypub_interaction_policy_quote":"anyone","activitypub_status":"federated","footnotes":""},"categories":[1],"tags":[17,298,255,146,132,209,5,102],"class_list":["post-174076","post","type-post","status-publish","format-standard","has-post-thumbnail","hentry","category-allgemein","tag-auf-der-piste","tag-autobahn","tag-eriba-nova","tag-familie","tag-radtour","tag-skoda-yeti","tag-unterwegs","tag-urlaub"],"share_on_mastodon":{"url":"https:\/\/social.tchncs.de\/@filmfacts\/115080274929651586","error":""},"_links":{"self":[{"href":"https:\/\/www.andreas-edler.de\/blog\/wp-json\/wp\/v2\/posts\/174076","targetHints":{"allow":["GET"]}}],"collection":[{"href":"https:\/\/www.andreas-edler.de\/blog\/wp-json\/wp\/v2\/posts"}],"about":[{"href":"https:\/\/www.andreas-edler.de\/blog\/wp-json\/wp\/v2\/types\/post"}],"author":[{"embeddable":true,"href":"https:\/\/www.andreas-edler.de\/blog\/wp-json\/wp\/v2\/users\/1"}],"replies":[{"embeddable":true,"href":"https:\/\/www.andreas-edler.de\/blog\/wp-json\/wp\/v2\/comments?post=174076"}],"version-history":[{"count":0,"href":"https:\/\/www.andreas-edler.de\/blog\/wp-json\/wp\/v2\/posts\/174076\/revisions"}],"wp:featuredmedia":[{"embeddable":true,"href":"https:\/\/www.andreas-edler.de\/blog\/wp-json\/wp\/v2\/media\/174006"}],"wp:attachment":[{"href":"https:\/\/www.andreas-edler.de\/blog\/wp-json\/wp\/v2\/media?parent=174076"}],"wp:term":[{"taxonomy":"category","embeddable":true,"href":"https:\/\/www.andreas-edler.de\/blog\/wp-json\/wp\/v2\/categories?post=174076"},{"taxonomy":"post_tag","embeddable":true,"href":"https:\/\/www.andreas-edler.de\/blog\/wp-json\/wp\/v2\/tags?post=174076"}],"curies":[{"name":"wp","href":"https:\/\/api.w.org\/{rel}","templated":true}]}}